{"id":3170,"date":"2016-10-16T17:46:23","date_gmt":"2016-10-16T17:46:23","guid":{"rendered":"http:\/\/www.tjerkstra.com\/wordpress\/?p=3170"},"modified":"2016-10-16T17:46:23","modified_gmt":"2016-10-16T17:46:23","slug":"noachs-arke","status":"publish","type":"post","link":"https:\/\/tjerkstra.com\/wordpress\/lyrysk-deiboek\/noachs-arke\/","title":{"rendered":"Noachs arke"},"content":{"rendered":"<table class=\"contentpaneopen\">\n<tbody>\n<tr>\n<td class=\"contentheading\" width=\"100%\"><\/td>\n<td class=\"buttonheading\" align=\"right\" width=\"100%\"><a title=\"PDF\"> <img decoding=\"async\" src=\"http:\/\/www.tjerkstra.com\/images\/M_images\/pdf_button.png\" alt=\"PDF\" name=\"image\" align=\"middle\" border=\"0\" \/> <\/a><\/td>\n<td class=\"buttonheading\" align=\"right\" width=\"100%\"><a title=\"Print\"> <img decoding=\"async\" src=\"http:\/\/www.tjerkstra.com\/images\/M_images\/printButton.png\" alt=\"Print\" name=\"image\" align=\"middle\" border=\"0\" \/> <\/a><\/td>\n<td class=\"buttonheading\" align=\"right\" width=\"100%\"><a title=\"E-mail\"> <img decoding=\"async\" src=\"http:\/\/www.tjerkstra.com\/images\/M_images\/emailButton.png\" alt=\"E-mail\" name=\"image\" align=\"middle\" border=\"0\" \/> <\/a><\/td>\n<\/tr>\n<\/tbody>\n<\/table>\n<table class=\"contentpaneopen\">\n<tbody>\n<tr>\n<td colspan=\"2\" valign=\"top\"><img loading=\"lazy\" decoding=\"async\" title=\"Image\" src=\"http:\/\/www.tjerkstra.com\/images\/stories\/deiboek4\/tn_img127.jpg\" alt=\"Image\" width=\"450\" height=\"393\" border=\"0\" hspace=\"6\" \/><\/p>\n<p>It jeien hat de wr\u00e2ld ferbline<br \/>\nfoar wat nei de lichte koerst<br \/>\nmei &#8217;t rizen fan de arrog\u00e2nsje<br \/>\ndy&#8217;t troch macht en dollars r\u00fbst<br \/>\nas twirren dy&#8217;t gjin rjochting fine.<\/p>\n<p>Mar w\u00ear&#8217;t de wyn it wetter swypket<br \/>\nrjochting memme earm om &#8217;t l\u00e2n,<br \/>\nis foar it berntsje gjin gar\u00e2nsje<br \/>\ndat it bliuwt oan heite h\u00e2n,<br \/>\nas &#8217;t folk net foar de takomst diket.<\/p>\n<p>De Grienedyk sil \u00fas fernije<br \/>\nwat de koers ek w\u00eaze kin:<br \/>\nfoar &#8217;t rizend wetter de ynst\u00e2nsje<br \/>\nom te driuwen: bist en bern<br \/>\nsil Noach yn syn arke krije.<\/p>\n<p><img loading=\"lazy\" decoding=\"async\" title=\"Image\" src=\"http:\/\/www.tjerkstra.com\/images\/stories\/deiboek4\/tn_100_8526.jpg\" alt=\"Image\" width=\"450\" height=\"338\" border=\"0\" hspace=\"6\" \/><\/td>\n<\/tr>\n<\/tbody>\n<\/table>\n","protected":false},"excerpt":{"rendered":"<p>It jeien hat de wr\u00e2ld ferbline foar wat nei de lichte koerst mei &#8217;t rizen fan de arrog\u00e2nsje dy&#8217;t troch macht en dollars r\u00fbst as twirren dy&#8217;t gjin rjochting fine. Mar w\u00ear&#8217;t de wyn it wetter swypket rjochting memme earm om &#8217;t l\u00e2n, is foar it berntsje gjin gar\u00e2nsje dat it bliuwt oan heite h\u00e2n, [&hellip;]<\/p>\n","protected":false},"author":1,"featured_media":0,"comment_status":"closed","ping_status":"closed","sticky":false,"template":"","format":"standard","meta":{"footnotes":""},"categories":[3],"tags":[],"class_list":["post-3170","post","type-post","status-publish","format-standard","hentry","category-lyrysk-deiboek"],"_links":{"self":[{"href":"https:\/\/tjerkstra.com\/wordpress\/wp-json\/wp\/v2\/posts\/3170","targetHints":{"allow":["GET"]}}],"collection":[{"href":"https:\/\/tjerkstra.com\/wordpress\/wp-json\/wp\/v2\/posts"}],"about":[{"href":"https:\/\/tjerkstra.com\/wordpress\/wp-json\/wp\/v2\/types\/post"}],"author":[{"embeddable":true,"href":"https:\/\/tjerkstra.com\/wordpress\/wp-json\/wp\/v2\/users\/1"}],"replies":[{"embeddable":true,"href":"https:\/\/tjerkstra.com\/wordpress\/wp-json\/wp\/v2\/comments?post=3170"}],"version-history":[{"count":1,"href":"https:\/\/tjerkstra.com\/wordpress\/wp-json\/wp\/v2\/posts\/3170\/revisions"}],"predecessor-version":[{"id":3171,"href":"https:\/\/tjerkstra.com\/wordpress\/wp-json\/wp\/v2\/posts\/3170\/revisions\/3171"}],"wp:attachment":[{"href":"https:\/\/tjerkstra.com\/wordpress\/wp-json\/wp\/v2\/media?parent=3170"}],"wp:term":[{"taxonomy":"category","embeddable":true,"href":"https:\/\/tjerkstra.com\/wordpress\/wp-json\/wp\/v2\/categories?post=3170"},{"taxonomy":"post_tag","embeddable":true,"href":"https:\/\/tjerkstra.com\/wordpress\/wp-json\/wp\/v2\/tags?post=3170"}],"curies":[{"name":"wp","href":"https:\/\/api.w.org\/{rel}","templated":true}]}}