{"id":3114,"date":"2016-10-16T17:15:12","date_gmt":"2016-10-16T17:15:12","guid":{"rendered":"http:\/\/www.tjerkstra.com\/wordpress\/?p=3114"},"modified":"2016-10-16T17:15:12","modified_gmt":"2016-10-16T17:15:12","slug":"panorama-mynmar","status":"publish","type":"post","link":"https:\/\/tjerkstra.com\/wordpress\/lyrysk-deiboek\/panorama-mynmar\/","title":{"rendered":"Panorama Mynmar"},"content":{"rendered":"<table class=\"contentpaneopen\">\n<tbody>\n<tr>\n<td class=\"contentheading\" width=\"100%\"><\/td>\n<td class=\"buttonheading\" align=\"right\" width=\"100%\"><a title=\"PDF\"> <img decoding=\"async\" src=\"http:\/\/www.tjerkstra.com\/images\/M_images\/pdf_button.png\" alt=\"PDF\" name=\"image\" align=\"middle\" border=\"0\" \/> <\/a><\/td>\n<td class=\"buttonheading\" align=\"right\" width=\"100%\"><a title=\"Print\"> <img decoding=\"async\" src=\"http:\/\/www.tjerkstra.com\/images\/M_images\/printButton.png\" alt=\"Print\" name=\"image\" align=\"middle\" border=\"0\" \/> <\/a><\/td>\n<td class=\"buttonheading\" align=\"right\" width=\"100%\"><a title=\"E-mail\"> <img decoding=\"async\" src=\"http:\/\/www.tjerkstra.com\/images\/M_images\/emailButton.png\" alt=\"E-mail\" name=\"image\" align=\"middle\" border=\"0\" \/> <\/a><\/td>\n<\/tr>\n<\/tbody>\n<\/table>\n<table class=\"contentpaneopen\">\n<tbody>\n<tr>\n<td colspan=\"2\" valign=\"top\">D\u00ear&#8217;t de arke yn de midden<br \/>\n\u00fatfalbasis foar my is,<br \/>\nhat it bl\u00ead syn skientme siedde<br \/>\nas in flier sa wif en wis;<br \/>\nd\u00ear&#8217;t it giele stekt nei boppen,<br \/>\n\u00fatsicht biedt fier oer it gea,<br \/>\nsil ik dizze dei beroppe<br \/>\nfan moarns ier oant j\u00fbns yn &#8217;t rea.<\/p>\n<p>D\u00ear&#8217;t ik wit de wetterpoarte,<br \/>\nis de st\u00ead fan &#8217;t hege peil,<br \/>\n\u00fatfalbasis fan it koarte<br \/>\nteken yn it brune seil;<br \/>\nd\u00ear&#8217;t de larken l\u00fbdleas glide,<br \/>\ndriuwend op &#8216;e nostalgy,<br \/>\nsille sk\u00fbtsjes bliuwend stride,<br \/>\nbr\u00fbzjend sa&#8217;t tradysje die.<\/p>\n<p>D\u00ear&#8217;t ik stjoer him nei de midden,<br \/>\noeral spanning yn &#8217;t kwadraat,<br \/>\ntwirren reauntsje troch de triedden,<br \/>\nhout dat mei de weagen praat;<br \/>\nsakket nei de kym de sinne,<br \/>\ndan stim ik mei &#8217;t j\u00fbnsread yn<br \/>\nen dy&#8217;t heger as my binne,<br \/>\nhearre &#8217;t sjongen op &#8216;e wyn.<\/p>\n<p><img loading=\"lazy\" decoding=\"async\" title=\"Image\" src=\"http:\/\/www.tjerkstra.com\/images\/stories\/deiboek3\/tn_100_8580.jpg\" alt=\"Image\" width=\"450\" height=\"338\" border=\"0\" hspace=\"6\" \/><\/td>\n<\/tr>\n<\/tbody>\n<\/table>\n","protected":false},"excerpt":{"rendered":"<p>D\u00ear&#8217;t de arke yn de midden \u00fatfalbasis foar my is, hat it bl\u00ead syn skientme siedde as in flier sa wif en wis; d\u00ear&#8217;t it giele stekt nei boppen, \u00fatsicht biedt fier oer it gea, sil ik dizze dei beroppe fan moarns ier oant j\u00fbns yn &#8217;t rea. D\u00ear&#8217;t ik wit de wetterpoarte, is de [&hellip;]<\/p>\n","protected":false},"author":1,"featured_media":0,"comment_status":"closed","ping_status":"closed","sticky":false,"template":"","format":"standard","meta":{"footnotes":""},"categories":[3],"tags":[],"class_list":["post-3114","post","type-post","status-publish","format-standard","hentry","category-lyrysk-deiboek"],"_links":{"self":[{"href":"https:\/\/tjerkstra.com\/wordpress\/wp-json\/wp\/v2\/posts\/3114","targetHints":{"allow":["GET"]}}],"collection":[{"href":"https:\/\/tjerkstra.com\/wordpress\/wp-json\/wp\/v2\/posts"}],"about":[{"href":"https:\/\/tjerkstra.com\/wordpress\/wp-json\/wp\/v2\/types\/post"}],"author":[{"embeddable":true,"href":"https:\/\/tjerkstra.com\/wordpress\/wp-json\/wp\/v2\/users\/1"}],"replies":[{"embeddable":true,"href":"https:\/\/tjerkstra.com\/wordpress\/wp-json\/wp\/v2\/comments?post=3114"}],"version-history":[{"count":1,"href":"https:\/\/tjerkstra.com\/wordpress\/wp-json\/wp\/v2\/posts\/3114\/revisions"}],"predecessor-version":[{"id":3115,"href":"https:\/\/tjerkstra.com\/wordpress\/wp-json\/wp\/v2\/posts\/3114\/revisions\/3115"}],"wp:attachment":[{"href":"https:\/\/tjerkstra.com\/wordpress\/wp-json\/wp\/v2\/media?parent=3114"}],"wp:term":[{"taxonomy":"category","embeddable":true,"href":"https:\/\/tjerkstra.com\/wordpress\/wp-json\/wp\/v2\/categories?post=3114"},{"taxonomy":"post_tag","embeddable":true,"href":"https:\/\/tjerkstra.com\/wordpress\/wp-json\/wp\/v2\/tags?post=3114"}],"curies":[{"name":"wp","href":"https:\/\/api.w.org\/{rel}","templated":true}]}}