{"id":3112,"date":"2016-10-16T17:13:43","date_gmt":"2016-10-16T17:13:43","guid":{"rendered":"http:\/\/www.tjerkstra.com\/wordpress\/?p=3112"},"modified":"2016-10-16T17:13:43","modified_gmt":"2016-10-16T17:13:43","slug":"ballade-fan-de-swalkers","status":"publish","type":"post","link":"https:\/\/tjerkstra.com\/wordpress\/lyrysk-deiboek\/ballade-fan-de-swalkers\/","title":{"rendered":"Ballade fan de swalkers"},"content":{"rendered":"<table class=\"contentpaneopen\">\n<tbody>\n<tr>\n<td class=\"contentheading\" width=\"100%\"><\/td>\n<td class=\"buttonheading\" align=\"right\" width=\"100%\"><a title=\"PDF\"> <img decoding=\"async\" src=\"http:\/\/www.tjerkstra.com\/images\/M_images\/pdf_button.png\" alt=\"PDF\" name=\"image\" align=\"middle\" border=\"0\" \/> <\/a><\/td>\n<td class=\"buttonheading\" align=\"right\" width=\"100%\"><a title=\"Print\"> <img decoding=\"async\" src=\"http:\/\/www.tjerkstra.com\/images\/M_images\/printButton.png\" alt=\"Print\" name=\"image\" align=\"middle\" border=\"0\" \/> <\/a><\/td>\n<td class=\"buttonheading\" align=\"right\" width=\"100%\"><a title=\"E-mail\"> <img decoding=\"async\" src=\"http:\/\/www.tjerkstra.com\/images\/M_images\/emailButton.png\" alt=\"E-mail\" name=\"image\" align=\"middle\" border=\"0\" \/> <\/a><\/td>\n<\/tr>\n<\/tbody>\n<\/table>\n<table class=\"contentpaneopen\">\n<tbody>\n<tr>\n<td colspan=\"2\" valign=\"top\">By de skipsramp op 7 desimber 1929<\/p>\n<p><img loading=\"lazy\" decoding=\"async\" title=\"Image\" src=\"http:\/\/www.tjerkstra.com\/images\/stories\/deiboek3\/tn_img048.jpg\" alt=\"Image\" width=\"450\" height=\"322\" border=\"0\" hspace=\"6\" \/><\/p>\n<p>Wa&#8217;t l\u00east dit stoarmich tryst ferhaal,<br \/>\nfielt k\u00e2ld it wetter oan de lea<br \/>\nfan wat by Burgum barde,<br \/>\nmar nea kin yn balladetaal<br \/>\nde djipte klinke fan de dea.<\/p>\n<p>De dei beg\u00fbn mei stoarmich waar,<br \/>\nde twirren streken weagen swart,<br \/>\nde mar stie hol by Burgum,<br \/>\nde reiden heinden baar nei baar,<br \/>\nmar yn de midden is it bard.<\/p>\n<p>De &#8216;Twee Gebroeders&#8217;, djip fan stien,<br \/>\nkoe \u00fbnder seil de mar net oer,<br \/>\ndat motorkr\u00eaft soe slepe:<br \/>\nde &#8216;Harmonie&#8217; en &#8217;t sk\u00fbtsje ien<br \/>\nfan sin en doel, mar net fan roer.<\/p>\n<p>De weagen sloegen oer de kop<br \/>\nen brieken iepen kleed en l\u00fbk,<br \/>\ndat neat koe &#8217;t \u00fbnheil keare:<br \/>\nde stoarm oerstimde bang gerop,<br \/>\nde djipte eage as in spoek.<\/p>\n<p>It skipperske r\u00f4p: &#8216;R\u00ead \u00fas bern!&#8217;<br \/>\nDe skipper is de roef yn gien<br \/>\nd\u00ear&#8217;t weagen meunsters wiene;<br \/>\nhy koe fan fiif mar trije sjen,<br \/>\nde jongsten sonken mei de stien.<\/p>\n<p>Mar noch wie &#8217;t lijen net foarby,<br \/>\nde gyk sloech alle fiif oerboard<br \/>\nas proai foar k\u00e2lde meunsters;<br \/>\nde &#8216;Harmonie&#8217; hold har yn lij<br \/>\nen r\u00eade \u00fat &#8216;e djippe noad.<\/p>\n<p>Fiif Zwervers kamen \u00fat &#8216;e dea<br \/>\nwerom, twa bleauwen doe deryn,<br \/>\nde mar soe noch lang beare,<br \/>\nmar skippers farre foar har brea,<br \/>\nse swalkje troch mei waar en wyn.<\/p>\n<p><img loading=\"lazy\" decoding=\"async\" title=\"Image\" src=\"http:\/\/www.tjerkstra.com\/images\/stories\/deiboek3\/tn_img049.jpg\" alt=\"Image\" width=\"407\" height=\"450\" border=\"0\" hspace=\"6\" \/><\/td>\n<\/tr>\n<\/tbody>\n<\/table>\n","protected":false},"excerpt":{"rendered":"<p>By de skipsramp op 7 desimber 1929 Wa&#8217;t l\u00east dit stoarmich tryst ferhaal, fielt k\u00e2ld it wetter oan de lea fan wat by Burgum barde, mar nea kin yn balladetaal de djipte klinke fan de dea. De dei beg\u00fbn mei stoarmich waar, de twirren streken weagen swart, de mar stie hol by Burgum, de reiden [&hellip;]<\/p>\n","protected":false},"author":1,"featured_media":0,"comment_status":"closed","ping_status":"closed","sticky":false,"template":"","format":"standard","meta":{"footnotes":""},"categories":[3],"tags":[],"class_list":["post-3112","post","type-post","status-publish","format-standard","hentry","category-lyrysk-deiboek"],"_links":{"self":[{"href":"https:\/\/tjerkstra.com\/wordpress\/wp-json\/wp\/v2\/posts\/3112","targetHints":{"allow":["GET"]}}],"collection":[{"href":"https:\/\/tjerkstra.com\/wordpress\/wp-json\/wp\/v2\/posts"}],"about":[{"href":"https:\/\/tjerkstra.com\/wordpress\/wp-json\/wp\/v2\/types\/post"}],"author":[{"embeddable":true,"href":"https:\/\/tjerkstra.com\/wordpress\/wp-json\/wp\/v2\/users\/1"}],"replies":[{"embeddable":true,"href":"https:\/\/tjerkstra.com\/wordpress\/wp-json\/wp\/v2\/comments?post=3112"}],"version-history":[{"count":1,"href":"https:\/\/tjerkstra.com\/wordpress\/wp-json\/wp\/v2\/posts\/3112\/revisions"}],"predecessor-version":[{"id":3113,"href":"https:\/\/tjerkstra.com\/wordpress\/wp-json\/wp\/v2\/posts\/3112\/revisions\/3113"}],"wp:attachment":[{"href":"https:\/\/tjerkstra.com\/wordpress\/wp-json\/wp\/v2\/media?parent=3112"}],"wp:term":[{"taxonomy":"category","embeddable":true,"href":"https:\/\/tjerkstra.com\/wordpress\/wp-json\/wp\/v2\/categories?post=3112"},{"taxonomy":"post_tag","embeddable":true,"href":"https:\/\/tjerkstra.com\/wordpress\/wp-json\/wp\/v2\/tags?post=3112"}],"curies":[{"name":"wp","href":"https:\/\/api.w.org\/{rel}","templated":true}]}}