{"id":3095,"date":"2016-10-15T13:23:16","date_gmt":"2016-10-15T13:23:16","guid":{"rendered":"http:\/\/www.tjerkstra.com\/wordpress\/?p=3095"},"modified":"2016-10-15T13:23:16","modified_gmt":"2016-10-15T13:23:16","slug":"michas-fiersicht","status":"publish","type":"post","link":"https:\/\/tjerkstra.com\/wordpress\/bibelbylden\/michas-fiersicht\/","title":{"rendered":"Micha&#8217;s fiersicht"},"content":{"rendered":"<table class=\"contentpaneopen\">\n<tbody>\n<tr>\n<td class=\"contentheading\" width=\"100%\"><\/td>\n<td class=\"buttonheading\" align=\"right\" width=\"100%\"><a title=\"PDF\"> <img decoding=\"async\" src=\"http:\/\/www.tjerkstra.com\/images\/M_images\/pdf_button.png\" alt=\"PDF\" name=\"image\" align=\"middle\" border=\"0\" \/> <\/a><\/td>\n<td class=\"buttonheading\" align=\"right\" width=\"100%\"><a title=\"Print\"> <img decoding=\"async\" src=\"http:\/\/www.tjerkstra.com\/images\/M_images\/printButton.png\" alt=\"Print\" name=\"image\" align=\"middle\" border=\"0\" \/> <\/a><\/td>\n<td class=\"buttonheading\" align=\"right\" width=\"100%\"><a title=\"E-mail\"> <img decoding=\"async\" src=\"http:\/\/www.tjerkstra.com\/images\/M_images\/emailButton.png\" alt=\"E-mail\" name=\"image\" align=\"middle\" border=\"0\" \/> <\/a><\/td>\n<\/tr>\n<\/tbody>\n<\/table>\n<table class=\"contentpaneopen\">\n<tbody>\n<tr>\n<td colspan=\"2\" valign=\"top\"><em>fan Jan van Eyck*<\/p>\n<p><img loading=\"lazy\" decoding=\"async\" title=\"Image\" src=\"http:\/\/www.tjerkstra.com\/images\/stories\/deiboek6\/tn_micha%201.jpg\" alt=\"Image\" width=\"339\" height=\"213\" border=\"0\" hspace=\"6\" \/><br \/>\n<\/em><br \/>\nMor\u00easjet, plak fan de profeet<br \/>\ndy&#8217;t wenne mei it \u00fatsicht<br \/>\noer it l\u00e2n fan noard nei s\u00fad;<br \/>\nhy seach de oerdied en it leed,<br \/>\nde earmoed, foar de riken b\u00fat,<br \/>\nde Iene joech oan Micha &#8217;t fiersicht.<\/p>\n<p>Omheech it antlit foar it sicht<br \/>\nop &#8217;t wenstee fan de Iene<br \/>\ndy&#8217;t net bliuwt sa himelheech,<br \/>\nmar delkomt, want wa docht syn plicht<br \/>\nop ierde? Boarnen reitsje leech,<br \/>\nde bergen misse al it griene.<\/p>\n<p>Omleech it antlit foar it sicht<br \/>\nop ierde, d\u00ear&#8217;t de Iene<br \/>\ngiet de berch op, komt wer del,<br \/>\nit raant en spjalt, in frjemd gesicht<br \/>\nfoar Juda en foar Israel,<br \/>\ndy&#8217;t fan de rjochte wegen giene.<br \/>\n<em><br \/>\n* Jan van Eyck (sirka 1390-1441)<br \/>\nSkilderij &#8216;Profeet Micha&#8217;<\/em><\/td>\n<\/tr>\n<\/tbody>\n<\/table>\n","protected":false},"excerpt":{"rendered":"<p>fan Jan van Eyck* Mor\u00easjet, plak fan de profeet dy&#8217;t wenne mei it \u00fatsicht oer it l\u00e2n fan noard nei s\u00fad; hy seach de oerdied en it leed, de earmoed, foar de riken b\u00fat, de Iene joech oan Micha &#8217;t fiersicht. Omheech it antlit foar it sicht op &#8217;t wenstee fan de Iene dy&#8217;t net [&hellip;]<\/p>\n","protected":false},"author":1,"featured_media":0,"comment_status":"closed","ping_status":"closed","sticky":false,"template":"","format":"standard","meta":{"footnotes":""},"categories":[4],"tags":[],"class_list":["post-3095","post","type-post","status-publish","format-standard","hentry","category-bibelbylden"],"_links":{"self":[{"href":"https:\/\/tjerkstra.com\/wordpress\/wp-json\/wp\/v2\/posts\/3095","targetHints":{"allow":["GET"]}}],"collection":[{"href":"https:\/\/tjerkstra.com\/wordpress\/wp-json\/wp\/v2\/posts"}],"about":[{"href":"https:\/\/tjerkstra.com\/wordpress\/wp-json\/wp\/v2\/types\/post"}],"author":[{"embeddable":true,"href":"https:\/\/tjerkstra.com\/wordpress\/wp-json\/wp\/v2\/users\/1"}],"replies":[{"embeddable":true,"href":"https:\/\/tjerkstra.com\/wordpress\/wp-json\/wp\/v2\/comments?post=3095"}],"version-history":[{"count":1,"href":"https:\/\/tjerkstra.com\/wordpress\/wp-json\/wp\/v2\/posts\/3095\/revisions"}],"predecessor-version":[{"id":3096,"href":"https:\/\/tjerkstra.com\/wordpress\/wp-json\/wp\/v2\/posts\/3095\/revisions\/3096"}],"wp:attachment":[{"href":"https:\/\/tjerkstra.com\/wordpress\/wp-json\/wp\/v2\/media?parent=3095"}],"wp:term":[{"taxonomy":"category","embeddable":true,"href":"https:\/\/tjerkstra.com\/wordpress\/wp-json\/wp\/v2\/categories?post=3095"},{"taxonomy":"post_tag","embeddable":true,"href":"https:\/\/tjerkstra.com\/wordpress\/wp-json\/wp\/v2\/tags?post=3095"}],"curies":[{"name":"wp","href":"https:\/\/api.w.org\/{rel}","templated":true}]}}