{"id":3092,"date":"2016-10-15T13:21:33","date_gmt":"2016-10-15T13:21:33","guid":{"rendered":"http:\/\/www.tjerkstra.com\/wordpress\/?p=3092"},"modified":"2016-10-15T13:21:33","modified_gmt":"2016-10-15T13:21:33","slug":"jona-under-de-beam","status":"publish","type":"post","link":"https:\/\/tjerkstra.com\/wordpress\/bibelbylden\/jona-under-de-beam\/","title":{"rendered":"Jona \u00fbnder de beam"},"content":{"rendered":"<table class=\"contentpaneopen\">\n<tbody>\n<tr>\n<td class=\"contentheading\" width=\"100%\"><\/td>\n<td class=\"buttonheading\" align=\"right\" width=\"100%\"><a title=\"PDF\"> <img decoding=\"async\" src=\"http:\/\/www.tjerkstra.com\/images\/M_images\/pdf_button.png\" alt=\"PDF\" name=\"image\" align=\"middle\" border=\"0\" \/> <\/a><\/td>\n<td class=\"buttonheading\" align=\"right\" width=\"100%\"><a title=\"Print\"> <img decoding=\"async\" src=\"http:\/\/www.tjerkstra.com\/images\/M_images\/printButton.png\" alt=\"Print\" name=\"image\" align=\"middle\" border=\"0\" \/> <\/a><\/td>\n<td class=\"buttonheading\" align=\"right\" width=\"100%\"><a title=\"E-mail\"> <img decoding=\"async\" src=\"http:\/\/www.tjerkstra.com\/images\/M_images\/emailButton.png\" alt=\"E-mail\" name=\"image\" align=\"middle\" border=\"0\" \/> <\/a><\/td>\n<\/tr>\n<\/tbody>\n<\/table>\n<table class=\"contentpaneopen\">\n<tbody>\n<tr>\n<td colspan=\"2\" valign=\"top\"><em>fan \u00fbnbekend*<br \/>\n<\/em><br \/>\nJona hie in plak \u00fatsocht<br \/>\nmei \u00fatsicht foar ferdivedaasje,<br \/>\nmar Ninev\u00e9 bleau yn it ljocht,<br \/>\ngjin ramp, foar Jona argewaasje.<\/p>\n<p>Gloeiend hjit waard doe syn plak,<br \/>\nmar nei de nacht wie d\u00ear it w\u00fbnder:<br \/>\nin beam joech skaad foar syn gerak,<br \/>\ndat Jona koe der net mear s\u00fbnder.<\/p>\n<p>W\u00fbnderlik wie it ferrin:<br \/>\nin r\u00fbp friet troch de woartels hinne,<br \/>\nwat Jona wie mar min nei &#8217;t sin,<br \/>\nwant op &#8216;e nij stiek him de sinne.<\/p>\n<p><img loading=\"lazy\" decoding=\"async\" title=\"Image\" src=\"http:\/\/www.tjerkstra.com\/images\/stories\/deiboek6\/tn_jona%2014.jpg\" alt=\"Image\" width=\"450\" height=\"270\" border=\"0\" hspace=\"6\" \/><\/p>\n<p>Jona kriich fan God de sin<br \/>\nfan dea en libben, want it w\u00fbnder<br \/>\nbeg\u00fbn yn Ninev\u00e9, fan min<br \/>\nnei better wie foar elk bys\u00fbnder.<\/p>\n<p><em>* Yllustraasje &#8216;Jona \u00fbnder de \u00a0w\u00fbnderbeam&#8217; <\/em><\/td>\n<\/tr>\n<\/tbody>\n<\/table>\n","protected":false},"excerpt":{"rendered":"<p>fan \u00fbnbekend* Jona hie in plak \u00fatsocht mei \u00fatsicht foar ferdivedaasje, mar Ninev\u00e9 bleau yn it ljocht, gjin ramp, foar Jona argewaasje. Gloeiend hjit waard doe syn plak, mar nei de nacht wie d\u00ear it w\u00fbnder: in beam joech skaad foar syn gerak, dat Jona koe der net mear s\u00fbnder. W\u00fbnderlik wie it ferrin: in [&hellip;]<\/p>\n","protected":false},"author":1,"featured_media":0,"comment_status":"closed","ping_status":"closed","sticky":false,"template":"","format":"standard","meta":{"footnotes":""},"categories":[4],"tags":[],"class_list":["post-3092","post","type-post","status-publish","format-standard","hentry","category-bibelbylden"],"_links":{"self":[{"href":"https:\/\/tjerkstra.com\/wordpress\/wp-json\/wp\/v2\/posts\/3092","targetHints":{"allow":["GET"]}}],"collection":[{"href":"https:\/\/tjerkstra.com\/wordpress\/wp-json\/wp\/v2\/posts"}],"about":[{"href":"https:\/\/tjerkstra.com\/wordpress\/wp-json\/wp\/v2\/types\/post"}],"author":[{"embeddable":true,"href":"https:\/\/tjerkstra.com\/wordpress\/wp-json\/wp\/v2\/users\/1"}],"replies":[{"embeddable":true,"href":"https:\/\/tjerkstra.com\/wordpress\/wp-json\/wp\/v2\/comments?post=3092"}],"version-history":[{"count":1,"href":"https:\/\/tjerkstra.com\/wordpress\/wp-json\/wp\/v2\/posts\/3092\/revisions"}],"predecessor-version":[{"id":3093,"href":"https:\/\/tjerkstra.com\/wordpress\/wp-json\/wp\/v2\/posts\/3092\/revisions\/3093"}],"wp:attachment":[{"href":"https:\/\/tjerkstra.com\/wordpress\/wp-json\/wp\/v2\/media?parent=3092"}],"wp:term":[{"taxonomy":"category","embeddable":true,"href":"https:\/\/tjerkstra.com\/wordpress\/wp-json\/wp\/v2\/categories?post=3092"},{"taxonomy":"post_tag","embeddable":true,"href":"https:\/\/tjerkstra.com\/wordpress\/wp-json\/wp\/v2\/tags?post=3092"}],"curies":[{"name":"wp","href":"https:\/\/api.w.org\/{rel}","templated":true}]}}