{"id":301,"date":"2016-09-20T19:45:08","date_gmt":"2016-09-20T19:45:08","guid":{"rendered":"http:\/\/www.tjerkstra.com\/wordpress\/?p=301"},"modified":"2016-09-20T19:45:08","modified_gmt":"2016-09-20T19:45:08","slug":"elfstedenstoel","status":"publish","type":"post","link":"https:\/\/tjerkstra.com\/wordpress\/jereims\/elfstedenstoel\/","title":{"rendered":"Elfstedenstoel"},"content":{"rendered":"<table class=\"contentpaneopen\">\n<tbody>\n<tr>\n<td class=\"contentheading\" width=\"100%\"><\/td>\n<td class=\"buttonheading\" align=\"right\" width=\"100%\"><a title=\"PDF\"> <img decoding=\"async\" src=\"http:\/\/www.tjerkstra.com\/images\/M_images\/pdf_button.png\" alt=\"PDF\" name=\"image\" align=\"middle\" border=\"0\" \/> <\/a><\/td>\n<td class=\"buttonheading\" align=\"right\" width=\"100%\"><a title=\"Print\"> <img decoding=\"async\" src=\"http:\/\/www.tjerkstra.com\/images\/M_images\/printButton.png\" alt=\"Print\" name=\"image\" align=\"middle\" border=\"0\" \/> <\/a><\/td>\n<td class=\"buttonheading\" align=\"right\" width=\"100%\"><a title=\"E-mail\"> <img decoding=\"async\" src=\"http:\/\/www.tjerkstra.com\/images\/M_images\/emailButton.png\" alt=\"E-mail\" name=\"image\" align=\"middle\" border=\"0\" \/> <\/a><\/td>\n<\/tr>\n<\/tbody>\n<\/table>\n<table class=\"contentpaneopen\">\n<tbody>\n<tr>\n<td colspan=\"2\" valign=\"top\"><em>As de Finske winter<\/p>\n<p>Flugger koe it suver net,<br \/>\nde po\u00ebtyske reaksje fan Jereims<br \/>\nop &#8216;e Alvest\u00eadetocht fan Jacob Brandsma.<\/p>\n<p>Syn gedicht komt iisk\u00e2ld oer,<br \/>\nk\u00e2lder as de Fryske winters,<br \/>\nlike feninich as dy yn Finl\u00e2n.<br \/>\nD\u00ear kin Jacob Brandsma it mei dwaan.<br \/>\n<\/em><br \/>\n<img loading=\"lazy\" decoding=\"async\" title=\"Image\" src=\"http:\/\/www.tjerkstra.com\/images\/stories\/deiboek4\/tn_100_9439.jpg\" alt=\"Image\" width=\"450\" height=\"338\" border=\"0\" hspace=\"6\" \/><\/p>\n<p>Elfstedentochtstoel<\/p>\n<p>Een stoel als baken in de nacht<br \/>\nvoor wie de grote tocht al schaatst<br \/>\nomdat het dagen brandt van binnen,<br \/>\nvuur dat smelt het laagje ijs<br \/>\nen wordt het wak tot water,<br \/>\ndan loopt of fietst de ware Jacob.<\/p>\n<p>Een stoel, vier poten voor houvast<br \/>\nvoor wie het evenwicht verliest<br \/>\nin &#8217;t weer van binnen en van buiten,<br \/>\ndooi die smelt het laagje ijs<br \/>\nen zakken de zes poten,<br \/>\ndan zwemt of zinkt de ware Jacob.<\/p>\n<p>Een stoel als rustplaats aan het eind<br \/>\nvoor wie de zegetocht volbrengt<br \/>\nalleen voor zijn gevoel van binnen,<br \/>\nbrand volledig uitgeblust<br \/>\ndoor vallen van het water,<br \/>\ndan surft de geest voor waar van Jacob.<\/p>\n<p><img loading=\"lazy\" decoding=\"async\" title=\"Image\" src=\"http:\/\/www.tjerkstra.com\/images\/stories\/deiboek4\/tn_img363.jpg\" alt=\"Image\" width=\"450\" height=\"352\" border=\"0\" hspace=\"6\" \/><\/p>\n<p>Akseli Gallen-Kallela<\/p>\n<p><em><br \/>\n<\/em><\/td>\n<\/tr>\n<\/tbody>\n<\/table>\n","protected":false},"excerpt":{"rendered":"<p>As de Finske winter Flugger koe it suver net, de po\u00ebtyske reaksje fan Jereims op &#8216;e Alvest\u00eadetocht fan Jacob Brandsma. Syn gedicht komt iisk\u00e2ld oer, k\u00e2lder as de Fryske winters, like feninich as dy yn Finl\u00e2n. D\u00ear kin Jacob Brandsma it mei dwaan. Elfstedentochtstoel Een stoel als baken in de nacht voor wie de grote [&hellip;]<\/p>\n","protected":false},"author":1,"featured_media":0,"comment_status":"closed","ping_status":"closed","sticky":false,"template":"","format":"standard","meta":{"footnotes":""},"categories":[5],"tags":[],"class_list":["post-301","post","type-post","status-publish","format-standard","hentry","category-jereims"],"_links":{"self":[{"href":"https:\/\/tjerkstra.com\/wordpress\/wp-json\/wp\/v2\/posts\/301","targetHints":{"allow":["GET"]}}],"collection":[{"href":"https:\/\/tjerkstra.com\/wordpress\/wp-json\/wp\/v2\/posts"}],"about":[{"href":"https:\/\/tjerkstra.com\/wordpress\/wp-json\/wp\/v2\/types\/post"}],"author":[{"embeddable":true,"href":"https:\/\/tjerkstra.com\/wordpress\/wp-json\/wp\/v2\/users\/1"}],"replies":[{"embeddable":true,"href":"https:\/\/tjerkstra.com\/wordpress\/wp-json\/wp\/v2\/comments?post=301"}],"version-history":[{"count":1,"href":"https:\/\/tjerkstra.com\/wordpress\/wp-json\/wp\/v2\/posts\/301\/revisions"}],"predecessor-version":[{"id":302,"href":"https:\/\/tjerkstra.com\/wordpress\/wp-json\/wp\/v2\/posts\/301\/revisions\/302"}],"wp:attachment":[{"href":"https:\/\/tjerkstra.com\/wordpress\/wp-json\/wp\/v2\/media?parent=301"}],"wp:term":[{"taxonomy":"category","embeddable":true,"href":"https:\/\/tjerkstra.com\/wordpress\/wp-json\/wp\/v2\/categories?post=301"},{"taxonomy":"post_tag","embeddable":true,"href":"https:\/\/tjerkstra.com\/wordpress\/wp-json\/wp\/v2\/tags?post=301"}],"curies":[{"name":"wp","href":"https:\/\/api.w.org\/{rel}","templated":true}]}}