{"id":2969,"date":"2016-10-13T19:42:48","date_gmt":"2016-10-13T19:42:48","guid":{"rendered":"http:\/\/www.tjerkstra.com\/wordpress\/?p=2969"},"modified":"2016-10-13T19:42:48","modified_gmt":"2016-10-13T19:42:48","slug":"dreamen","status":"publish","type":"post","link":"https:\/\/tjerkstra.com\/wordpress\/keunst\/dreamen\/","title":{"rendered":"Dreamen"},"content":{"rendered":"<table class=\"contentpaneopen\">\n<tbody>\n<tr>\n<td class=\"contentheading\" width=\"100%\"><\/td>\n<td class=\"buttonheading\" align=\"right\" width=\"100%\"><a title=\"PDF\"> <img decoding=\"async\" src=\"http:\/\/www.tjerkstra.com\/images\/M_images\/pdf_button.png\" alt=\"PDF\" name=\"image\" align=\"middle\" border=\"0\" \/> <\/a><\/td>\n<td class=\"buttonheading\" align=\"right\" width=\"100%\"><a title=\"Print\"> <img decoding=\"async\" src=\"http:\/\/www.tjerkstra.com\/images\/M_images\/printButton.png\" alt=\"Print\" name=\"image\" align=\"middle\" border=\"0\" \/> <\/a><\/td>\n<td class=\"buttonheading\" align=\"right\" width=\"100%\"><a title=\"E-mail\"> <img decoding=\"async\" src=\"http:\/\/www.tjerkstra.com\/images\/M_images\/emailButton.png\" alt=\"E-mail\" name=\"image\" align=\"middle\" border=\"0\" \/> <\/a><\/td>\n<\/tr>\n<\/tbody>\n<\/table>\n<table class=\"contentpaneopen\">\n<tbody>\n<tr>\n<td colspan=\"2\" valign=\"top\"><em>fan Jan Mostaert*<br \/>\n<\/em><br \/>\n<img loading=\"lazy\" decoding=\"async\" title=\"Image\" src=\"http:\/\/www.tjerkstra.com\/images\/stories\/deiboek3\/ynternet100_7468.jpg\" alt=\"Image\" width=\"450\" height=\"338\" border=\"0\" hspace=\"6\" \/><\/p>\n<p>Se koene &#8217;t folle minder treffe,<br \/>\ndizze arrestanten yn de sel,<br \/>\nmei tegels, tafel, ledikant<br \/>\nen b\u00f4le jouwe sy har noflik del.<\/p>\n<p>Sa sprekt de b\u00fbtenkant yn kleuren,<br \/>\nmar fan binnen tyskje bylden om<br \/>\ndy&#8217;t op &#8216;e muorre dizich stean<br \/>\nte wachtsjen op &#8216;e \u00fatlis, tou of rom.<\/p>\n<p>En Joazef hat de dream foar eagen<br \/>\nfan de skinker by de druvestr\u00fbs;<br \/>\nde beker fan de farao<br \/>\nrint oer fan freugde, romte by de r\u00fbs.<\/p>\n<p>De eagen glide nei de bakker<br \/>\nmei de swarte krie\u00ebn om de koer<br \/>\nen galge, pikkend yn it brea<br \/>\nen fleis, syn b\u00f4ledream oan &#8217;t\u00a0 h\u00f4f is oer.<\/p>\n<p>Mar achter yn de sel bliuwt Joazef,<br \/>\nwachtsjend op &#8216;e dream fan farao;<br \/>\nsyn f\u00fbgel is gjin swarte krie,<br \/>\nde \u00fatlis fljocht op wjukken fan de do.<\/p>\n<p><img loading=\"lazy\" decoding=\"async\" title=\"Image\" src=\"http:\/\/www.tjerkstra.com\/images\/stories\/deiboek3\/ynternet100_7376.jpg\" alt=\"Image\" width=\"450\" height=\"338\" border=\"0\" hspace=\"6\" \/><\/p>\n<p>De b\u00fbtenkant fan dizze finzenis<br \/>\nseit inkeld wat syn funksje wie,<br \/>\nmar wat der dreamd en \u00fatlein is,<br \/>\nlei binnenyn d\u00ear&#8217;t it in plakje hie.<\/p>\n<p><em>* Jan Mostaert (sirka 1475-1555\/1556)<br \/>\nwie in skilder \u00fat Haarlem. It skilderij<br \/>\n&#8216;Joazef leit de dreamen fan de skinker<br \/>\nen de bakker \u00fat&#8217; is makke op in paniel<br \/>\nfan 31 by 24 sintimeter en hat wat fan<br \/>\nin miniatuer. <\/em><\/td>\n<\/tr>\n<\/tbody>\n<\/table>\n","protected":false},"excerpt":{"rendered":"<p>fan Jan Mostaert* Se koene &#8217;t folle minder treffe, dizze arrestanten yn de sel, mei tegels, tafel, ledikant en b\u00f4le jouwe sy har noflik del. Sa sprekt de b\u00fbtenkant yn kleuren, mar fan binnen tyskje bylden om dy&#8217;t op &#8216;e muorre dizich stean te wachtsjen op &#8216;e \u00fatlis, tou of rom. En Joazef hat de [&hellip;]<\/p>\n","protected":false},"author":1,"featured_media":0,"comment_status":"closed","ping_status":"closed","sticky":false,"template":"","format":"standard","meta":{"footnotes":""},"categories":[6],"tags":[],"class_list":["post-2969","post","type-post","status-publish","format-standard","hentry","category-keunst"],"_links":{"self":[{"href":"https:\/\/tjerkstra.com\/wordpress\/wp-json\/wp\/v2\/posts\/2969","targetHints":{"allow":["GET"]}}],"collection":[{"href":"https:\/\/tjerkstra.com\/wordpress\/wp-json\/wp\/v2\/posts"}],"about":[{"href":"https:\/\/tjerkstra.com\/wordpress\/wp-json\/wp\/v2\/types\/post"}],"author":[{"embeddable":true,"href":"https:\/\/tjerkstra.com\/wordpress\/wp-json\/wp\/v2\/users\/1"}],"replies":[{"embeddable":true,"href":"https:\/\/tjerkstra.com\/wordpress\/wp-json\/wp\/v2\/comments?post=2969"}],"version-history":[{"count":1,"href":"https:\/\/tjerkstra.com\/wordpress\/wp-json\/wp\/v2\/posts\/2969\/revisions"}],"predecessor-version":[{"id":2970,"href":"https:\/\/tjerkstra.com\/wordpress\/wp-json\/wp\/v2\/posts\/2969\/revisions\/2970"}],"wp:attachment":[{"href":"https:\/\/tjerkstra.com\/wordpress\/wp-json\/wp\/v2\/media?parent=2969"}],"wp:term":[{"taxonomy":"category","embeddable":true,"href":"https:\/\/tjerkstra.com\/wordpress\/wp-json\/wp\/v2\/categories?post=2969"},{"taxonomy":"post_tag","embeddable":true,"href":"https:\/\/tjerkstra.com\/wordpress\/wp-json\/wp\/v2\/tags?post=2969"}],"curies":[{"name":"wp","href":"https:\/\/api.w.org\/{rel}","templated":true}]}}