{"id":2793,"date":"2016-10-12T19:20:45","date_gmt":"2016-10-12T19:20:45","guid":{"rendered":"http:\/\/www.tjerkstra.com\/wordpress\/?p=2793"},"modified":"2016-10-12T19:20:45","modified_gmt":"2016-10-12T19:20:45","slug":"bloedflagge","status":"publish","type":"post","link":"https:\/\/tjerkstra.com\/wordpress\/skutsjesilen\/bloedflagge\/","title":{"rendered":"Bloedflagge"},"content":{"rendered":"<table class=\"contentpaneopen\">\n<tbody>\n<tr>\n<td class=\"contentheading\" width=\"100%\"><\/td>\n<td class=\"buttonheading\" align=\"right\" width=\"100%\"><a title=\"PDF\"> <img decoding=\"async\" src=\"http:\/\/www.tjerkstra.com\/images\/M_images\/pdf_button.png\" alt=\"PDF\" name=\"image\" align=\"middle\" border=\"0\" \/> <\/a><\/td>\n<td class=\"buttonheading\" align=\"right\" width=\"100%\"><a title=\"Print\"> <img decoding=\"async\" src=\"http:\/\/www.tjerkstra.com\/images\/M_images\/printButton.png\" alt=\"Print\" name=\"image\" align=\"middle\" border=\"0\" \/> <\/a><\/td>\n<td class=\"buttonheading\" align=\"right\" width=\"100%\"><a title=\"E-mail\"> <img decoding=\"async\" src=\"http:\/\/www.tjerkstra.com\/images\/M_images\/emailButton.png\" alt=\"E-mail\" name=\"image\" align=\"middle\" border=\"0\" \/> <\/a><\/td>\n<\/tr>\n<\/tbody>\n<\/table>\n<table class=\"contentpaneopen\">\n<tbody>\n<tr>\n<td colspan=\"2\" valign=\"top\">Ut it sk\u00fbtsje-argyf 1990<\/p>\n<p><img loading=\"lazy\" decoding=\"async\" title=\"Image\" src=\"http:\/\/www.tjerkstra.com\/images\/stories\/deiboek5\/tn_scan900.jpg\" alt=\"Image\" width=\"450\" height=\"371\" border=\"0\" hspace=\"6\" \/><br \/>\nUt &#8216;Friesland Post&#8217; july 1989<\/p>\n<p>Hy hong der faken yn,<br \/>\nde flagge read as bloed,<br \/>\nearst \u00fat in fjurrich moed,<br \/>\nmar nei de finish skyn.<\/p>\n<p>Dan gong er rap der\u00fat,<br \/>\nin buorrel en wat praat<br \/>\nen skippers waarden maat,<br \/>\nnoch ientsje ta besl\u00fat.<\/p>\n<p>Mar sa koe &#8217;t langer net:<br \/>\nprotest is in protest<br \/>\nen hat de finish west,<br \/>\ndan jildt de wedstriidwet.<\/p>\n<p>It hinget der no yn<br \/>\nmei &#8217;t wetter op it dek<br \/>\nen hjoed gjin grutte bek,<br \/>\nmar flagje tsjin de wyn.<\/p>\n<p><img loading=\"lazy\" decoding=\"async\" title=\"Image\" src=\"http:\/\/www.tjerkstra.com\/images\/stories\/deiboek5\/tn_scan901.jpg\" alt=\"Image\" width=\"450\" height=\"288\" border=\"0\" hspace=\"6\" \/><\/td>\n<\/tr>\n<\/tbody>\n<\/table>\n","protected":false},"excerpt":{"rendered":"<p>Ut it sk\u00fbtsje-argyf 1990 Ut &#8216;Friesland Post&#8217; july 1989 Hy hong der faken yn, de flagge read as bloed, earst \u00fat in fjurrich moed, mar nei de finish skyn. Dan gong er rap der\u00fat, in buorrel en wat praat en skippers waarden maat, noch ientsje ta besl\u00fat. Mar sa koe &#8217;t langer net: protest is [&hellip;]<\/p>\n","protected":false},"author":1,"featured_media":0,"comment_status":"closed","ping_status":"closed","sticky":false,"template":"","format":"standard","meta":{"footnotes":""},"categories":[10],"tags":[],"class_list":["post-2793","post","type-post","status-publish","format-standard","hentry","category-skutsjesilen"],"_links":{"self":[{"href":"https:\/\/tjerkstra.com\/wordpress\/wp-json\/wp\/v2\/posts\/2793","targetHints":{"allow":["GET"]}}],"collection":[{"href":"https:\/\/tjerkstra.com\/wordpress\/wp-json\/wp\/v2\/posts"}],"about":[{"href":"https:\/\/tjerkstra.com\/wordpress\/wp-json\/wp\/v2\/types\/post"}],"author":[{"embeddable":true,"href":"https:\/\/tjerkstra.com\/wordpress\/wp-json\/wp\/v2\/users\/1"}],"replies":[{"embeddable":true,"href":"https:\/\/tjerkstra.com\/wordpress\/wp-json\/wp\/v2\/comments?post=2793"}],"version-history":[{"count":1,"href":"https:\/\/tjerkstra.com\/wordpress\/wp-json\/wp\/v2\/posts\/2793\/revisions"}],"predecessor-version":[{"id":2794,"href":"https:\/\/tjerkstra.com\/wordpress\/wp-json\/wp\/v2\/posts\/2793\/revisions\/2794"}],"wp:attachment":[{"href":"https:\/\/tjerkstra.com\/wordpress\/wp-json\/wp\/v2\/media?parent=2793"}],"wp:term":[{"taxonomy":"category","embeddable":true,"href":"https:\/\/tjerkstra.com\/wordpress\/wp-json\/wp\/v2\/categories?post=2793"},{"taxonomy":"post_tag","embeddable":true,"href":"https:\/\/tjerkstra.com\/wordpress\/wp-json\/wp\/v2\/tags?post=2793"}],"curies":[{"name":"wp","href":"https:\/\/api.w.org\/{rel}","templated":true}]}}