{"id":2762,"date":"2016-10-12T19:00:14","date_gmt":"2016-10-12T19:00:14","guid":{"rendered":"http:\/\/www.tjerkstra.com\/wordpress\/?p=2762"},"modified":"2016-10-12T19:00:14","modified_gmt":"2016-10-12T19:00:14","slug":"hillich-thus","status":"publish","type":"post","link":"https:\/\/tjerkstra.com\/wordpress\/lyrysk-deiboek\/hillich-thus\/","title":{"rendered":"Hillich th\u00fas"},"content":{"rendered":"<table class=\"contentpaneopen\">\n<tbody>\n<tr>\n<td class=\"contentheading\" width=\"100%\"><\/td>\n<td class=\"buttonheading\" align=\"right\" width=\"100%\"><a title=\"PDF\"> <img decoding=\"async\" src=\"http:\/\/www.tjerkstra.com\/images\/M_images\/pdf_button.png\" alt=\"PDF\" name=\"image\" align=\"middle\" border=\"0\" \/> <\/a><\/td>\n<td class=\"buttonheading\" align=\"right\" width=\"100%\"><a title=\"Print\"> <img decoding=\"async\" src=\"http:\/\/www.tjerkstra.com\/images\/M_images\/printButton.png\" alt=\"Print\" name=\"image\" align=\"middle\" border=\"0\" \/> <\/a><\/td>\n<td class=\"buttonheading\" align=\"right\" width=\"100%\"><a title=\"E-mail\"> <img decoding=\"async\" src=\"http:\/\/www.tjerkstra.com\/images\/M_images\/emailButton.png\" alt=\"E-mail\" name=\"image\" align=\"middle\" border=\"0\" \/> <\/a><\/td>\n<\/tr>\n<\/tbody>\n<\/table>\n<table class=\"contentpaneopen\">\n<tbody>\n<tr>\n<td colspan=\"2\" valign=\"top\">Wat set de minske f\u00east<br \/>\nyn &#8217;t ramt fan gl\u00eas-yn-lead?<br \/>\nIt is him eartiids leard,<br \/>\nit hillichst op syn b\u00east.<\/p>\n<p><img loading=\"lazy\" decoding=\"async\" title=\"Image\" src=\"http:\/\/www.tjerkstra.com\/images\/stories\/deiboek2\/ynternet100_6707.jpg\" alt=\"Image\" width=\"450\" height=\"338\" border=\"0\" hspace=\"6\" \/><\/p>\n<p>It kr\u00fas mei brutsen lea,<br \/>\nJehannes en de mem;<br \/>\nnoch ien kear klinkt syn stim,<br \/>\ndan r\u00east Er yn de dea.<\/p>\n<p><img loading=\"lazy\" decoding=\"async\" title=\"Image\" src=\"http:\/\/www.tjerkstra.com\/images\/stories\/deiboek2\/ynternet100_6701.jpg\" alt=\"Image\" width=\"338\" height=\"450\" border=\"0\" hspace=\"6\" \/><\/p>\n<p>It swurd foar striid op striid<br \/>\nfan Paulus mei it Wurd,<br \/>\nhy wit wol hoe&#8217;t it wurdt,<br \/>\nas &#8217;t ljocht snijt troch de tiid.<\/p>\n<p><img loading=\"lazy\" decoding=\"async\" title=\"Image\" src=\"http:\/\/www.tjerkstra.com\/images\/stories\/deiboek2\/ynternet100_6704.jpg\" alt=\"Image\" width=\"338\" height=\"450\" border=\"0\" hspace=\"6\" \/><\/p>\n<p>De kaai yn Petrus&#8217; h\u00e2n<br \/>\nis neffens &#8217;t himelsk slot,<br \/>\nbeskikking fan it lot:<br \/>\nyn &#8217;t ljocht of yn de br\u00e2n.<\/p>\n<p><img loading=\"lazy\" decoding=\"async\" title=\"Image\" src=\"http:\/\/www.tjerkstra.com\/images\/stories\/deiboek2\/ynternet100_6705.jpg\" alt=\"Image\" width=\"338\" height=\"450\" border=\"0\" hspace=\"6\" \/><\/p>\n<p>It byld rint troch de tiid,<br \/>\nferstillet as in non,<br \/>\nbesletten yn beton,<br \/>\nien klik en &#8217;t wurdt wer wiid.<\/p>\n<p><img loading=\"lazy\" decoding=\"async\" title=\"Image\" src=\"http:\/\/www.tjerkstra.com\/images\/stories\/deiboek2\/ynternet100_6669.jpg\" alt=\"Image\" width=\"450\" height=\"338\" border=\"0\" hspace=\"6\" \/><\/p>\n<p>It opsteand hout fan &#8217;t kr\u00fas,<br \/>\nit swurd foar swaai op swaai,<br \/>\nde klik fan lins en kaai,<br \/>\nsjed\u00ear \u00fas hillich th\u00fas.<\/p>\n<p><img loading=\"lazy\" decoding=\"async\" title=\"Image\" src=\"http:\/\/www.tjerkstra.com\/images\/stories\/deiboek2\/ynternet100_6671.jpg\" alt=\"Image\" width=\"450\" height=\"338\" border=\"0\" hspace=\"6\" \/><\/p>\n<p>Gl\u00eas-yn-lead finsters yn de kapel op it rooms-katolike h\u00f4f yn Snits<\/td>\n<\/tr>\n<\/tbody>\n<\/table>\n","protected":false},"excerpt":{"rendered":"<p>Wat set de minske f\u00east yn &#8217;t ramt fan gl\u00eas-yn-lead? It is him eartiids leard, it hillichst op syn b\u00east. It kr\u00fas mei brutsen lea, Jehannes en de mem; noch ien kear klinkt syn stim, dan r\u00east Er yn de dea. It swurd foar striid op striid fan Paulus mei it Wurd, hy wit wol [&hellip;]<\/p>\n","protected":false},"author":1,"featured_media":0,"comment_status":"closed","ping_status":"closed","sticky":false,"template":"","format":"standard","meta":{"footnotes":""},"categories":[3],"tags":[],"class_list":["post-2762","post","type-post","status-publish","format-standard","hentry","category-lyrysk-deiboek"],"_links":{"self":[{"href":"https:\/\/tjerkstra.com\/wordpress\/wp-json\/wp\/v2\/posts\/2762","targetHints":{"allow":["GET"]}}],"collection":[{"href":"https:\/\/tjerkstra.com\/wordpress\/wp-json\/wp\/v2\/posts"}],"about":[{"href":"https:\/\/tjerkstra.com\/wordpress\/wp-json\/wp\/v2\/types\/post"}],"author":[{"embeddable":true,"href":"https:\/\/tjerkstra.com\/wordpress\/wp-json\/wp\/v2\/users\/1"}],"replies":[{"embeddable":true,"href":"https:\/\/tjerkstra.com\/wordpress\/wp-json\/wp\/v2\/comments?post=2762"}],"version-history":[{"count":1,"href":"https:\/\/tjerkstra.com\/wordpress\/wp-json\/wp\/v2\/posts\/2762\/revisions"}],"predecessor-version":[{"id":2763,"href":"https:\/\/tjerkstra.com\/wordpress\/wp-json\/wp\/v2\/posts\/2762\/revisions\/2763"}],"wp:attachment":[{"href":"https:\/\/tjerkstra.com\/wordpress\/wp-json\/wp\/v2\/media?parent=2762"}],"wp:term":[{"taxonomy":"category","embeddable":true,"href":"https:\/\/tjerkstra.com\/wordpress\/wp-json\/wp\/v2\/categories?post=2762"},{"taxonomy":"post_tag","embeddable":true,"href":"https:\/\/tjerkstra.com\/wordpress\/wp-json\/wp\/v2\/tags?post=2762"}],"curies":[{"name":"wp","href":"https:\/\/api.w.org\/{rel}","templated":true}]}}