{"id":2745,"date":"2016-10-12T18:50:42","date_gmt":"2016-10-12T18:50:42","guid":{"rendered":"http:\/\/www.tjerkstra.com\/wordpress\/?p=2745"},"modified":"2016-10-12T18:50:42","modified_gmt":"2016-10-12T18:50:42","slug":"fjirde-advint","status":"publish","type":"post","link":"https:\/\/tjerkstra.com\/wordpress\/lyrysk-deiboek\/fjirde-advint\/","title":{"rendered":"Fjirde Advint"},"content":{"rendered":"<table class=\"contentpaneopen\">\n<tbody>\n<tr>\n<td class=\"contentheading\" width=\"100%\"><\/td>\n<td class=\"buttonheading\" align=\"right\" width=\"100%\"><a title=\"PDF\"> <img decoding=\"async\" src=\"http:\/\/www.tjerkstra.com\/images\/M_images\/pdf_button.png\" alt=\"PDF\" name=\"image\" align=\"middle\" border=\"0\" \/> <\/a><\/td>\n<td class=\"buttonheading\" align=\"right\" width=\"100%\"><a title=\"Print\"> <img decoding=\"async\" src=\"http:\/\/www.tjerkstra.com\/images\/M_images\/printButton.png\" alt=\"Print\" name=\"image\" align=\"middle\" border=\"0\" \/> <\/a><\/td>\n<td class=\"buttonheading\" align=\"right\" width=\"100%\"><a title=\"E-mail\"> <img decoding=\"async\" src=\"http:\/\/www.tjerkstra.com\/images\/M_images\/emailButton.png\" alt=\"E-mail\" name=\"image\" align=\"middle\" border=\"0\" \/> <\/a><\/td>\n<\/tr>\n<\/tbody>\n<\/table>\n<table class=\"contentpaneopen\">\n<tbody>\n<tr>\n<td colspan=\"2\" valign=\"top\">It wie Advint, de fjirde snein,<br \/>\nmei &#8217;t iis noch yn de sleatten<br \/>\ndat &#8216;k de r\u00fbte fan de bermen r\u00fbn<br \/>\nwylst klokken foar de gongers letten,<br \/>\nfol ferwachting op ien ein,<br \/>\ndoe&#8217;t ik wat oars yn &#8217;t bermgers f\u00fbn.<\/p>\n<p><img loading=\"lazy\" decoding=\"async\" title=\"Image\" src=\"http:\/\/www.tjerkstra.com\/images\/stories\/deiboek2\/ynternet100_7002.jpg\" alt=\"Image\" width=\"450\" height=\"338\" border=\"0\" hspace=\"6\" \/><\/p>\n<p>De hannen, waarm fan wollen want,<br \/>\nbekuollen yn de dize<br \/>\nwylst ik my b\u00fbgde nei de pelikaan,<br \/>\nsyn flecht ferwachtsjend \u00fat it grize,<br \/>\nbleau hy laitsjend oan de kant<br \/>\nom hoe&#8217;t ik op &#8216;e kofje kaam.<\/p>\n<p><img loading=\"lazy\" decoding=\"async\" title=\"Image\" src=\"http:\/\/www.tjerkstra.com\/images\/stories\/deiboek2\/ynternet100_7004.jpg\" alt=\"Image\" width=\"450\" height=\"338\" border=\"0\" hspace=\"6\" \/><\/p>\n<p>De r\u00fbte wie noch lang net r\u00fbn<br \/>\nop hichte fan de tsjerke<br \/>\nmei de f\u00fbgels yn de sneinske pronk<br \/>\ndy&#8217;t neat fan ingels hiene, flerken<br \/>\nf\u00east as oan de t\u00fbken b\u00fbn,<br \/>\nfan &#8217;t gloria sels net in fonk.<\/p>\n<p><img loading=\"lazy\" decoding=\"async\" title=\"Image\" src=\"http:\/\/www.tjerkstra.com\/images\/stories\/deiboek2\/ynternet100_7001.jpg\" alt=\"Image\" width=\"450\" height=\"338\" border=\"0\" hspace=\"6\" \/><\/p>\n<p>De sinne kaam as pelikaan<br \/>\nmy laitsjend read foar eagen<br \/>\ndoe&#8217;t ik fierder r\u00fbn en sitten seach<br \/>\nop &#8217;t deadeh\u00f4f in blauwe reager,<br \/>\nfol ferwachting op wat kaam:<br \/>\ndat hy as fjirde heger fleach.<\/p>\n<p><img loading=\"lazy\" decoding=\"async\" title=\"Image\" src=\"http:\/\/www.tjerkstra.com\/images\/stories\/deiboek2\/ynternet100_7006.jpg\" alt=\"Image\" width=\"450\" height=\"338\" border=\"0\" hspace=\"6\" \/><\/td>\n<\/tr>\n<\/tbody>\n<\/table>\n","protected":false},"excerpt":{"rendered":"<p>It wie Advint, de fjirde snein, mei &#8217;t iis noch yn de sleatten dat &#8216;k de r\u00fbte fan de bermen r\u00fbn wylst klokken foar de gongers letten, fol ferwachting op ien ein, doe&#8217;t ik wat oars yn &#8217;t bermgers f\u00fbn. De hannen, waarm fan wollen want, bekuollen yn de dize wylst ik my b\u00fbgde nei [&hellip;]<\/p>\n","protected":false},"author":1,"featured_media":0,"comment_status":"closed","ping_status":"closed","sticky":false,"template":"","format":"standard","meta":{"footnotes":""},"categories":[3],"tags":[],"class_list":["post-2745","post","type-post","status-publish","format-standard","hentry","category-lyrysk-deiboek"],"_links":{"self":[{"href":"https:\/\/tjerkstra.com\/wordpress\/wp-json\/wp\/v2\/posts\/2745","targetHints":{"allow":["GET"]}}],"collection":[{"href":"https:\/\/tjerkstra.com\/wordpress\/wp-json\/wp\/v2\/posts"}],"about":[{"href":"https:\/\/tjerkstra.com\/wordpress\/wp-json\/wp\/v2\/types\/post"}],"author":[{"embeddable":true,"href":"https:\/\/tjerkstra.com\/wordpress\/wp-json\/wp\/v2\/users\/1"}],"replies":[{"embeddable":true,"href":"https:\/\/tjerkstra.com\/wordpress\/wp-json\/wp\/v2\/comments?post=2745"}],"version-history":[{"count":1,"href":"https:\/\/tjerkstra.com\/wordpress\/wp-json\/wp\/v2\/posts\/2745\/revisions"}],"predecessor-version":[{"id":2746,"href":"https:\/\/tjerkstra.com\/wordpress\/wp-json\/wp\/v2\/posts\/2745\/revisions\/2746"}],"wp:attachment":[{"href":"https:\/\/tjerkstra.com\/wordpress\/wp-json\/wp\/v2\/media?parent=2745"}],"wp:term":[{"taxonomy":"category","embeddable":true,"href":"https:\/\/tjerkstra.com\/wordpress\/wp-json\/wp\/v2\/categories?post=2745"},{"taxonomy":"post_tag","embeddable":true,"href":"https:\/\/tjerkstra.com\/wordpress\/wp-json\/wp\/v2\/tags?post=2745"}],"curies":[{"name":"wp","href":"https:\/\/api.w.org\/{rel}","templated":true}]}}