{"id":2736,"date":"2016-10-12T18:44:47","date_gmt":"2016-10-12T18:44:47","guid":{"rendered":"http:\/\/www.tjerkstra.com\/wordpress\/?p=2736"},"modified":"2016-10-12T18:44:47","modified_gmt":"2016-10-12T18:44:47","slug":"waan","status":"publish","type":"post","link":"https:\/\/tjerkstra.com\/wordpress\/lyrysk-deiboek\/waan\/","title":{"rendered":"Waan"},"content":{"rendered":"<table class=\"contentpaneopen\">\n<tbody>\n<tr>\n<td class=\"contentheading\" width=\"100%\"><\/td>\n<td class=\"buttonheading\" align=\"right\" width=\"100%\"><a title=\"PDF\"> <img decoding=\"async\" src=\"http:\/\/www.tjerkstra.com\/images\/M_images\/pdf_button.png\" alt=\"PDF\" name=\"image\" align=\"middle\" border=\"0\" \/> <\/a><\/td>\n<td class=\"buttonheading\" align=\"right\" width=\"100%\"><a title=\"Print\"> <img decoding=\"async\" src=\"http:\/\/www.tjerkstra.com\/images\/M_images\/printButton.png\" alt=\"Print\" name=\"image\" align=\"middle\" border=\"0\" \/> <\/a><\/td>\n<td class=\"buttonheading\" align=\"right\" width=\"100%\"><a title=\"E-mail\"> <img decoding=\"async\" src=\"http:\/\/www.tjerkstra.com\/images\/M_images\/emailButton.png\" alt=\"E-mail\" name=\"image\" align=\"middle\" border=\"0\" \/> <\/a><\/td>\n<\/tr>\n<\/tbody>\n<\/table>\n<table class=\"contentpaneopen\">\n<tbody>\n<tr>\n<td colspan=\"2\" valign=\"top\">Tusken hjerst en winter saait<br \/>\nit libben \u00f4fwaaid nei de dea<br \/>\nen bliuwt fertize hingjen<br \/>\nyn it stek, de stielen lea<br \/>\nwurdt sa mei \u00f4ffal klaaid.<\/p>\n<p><img loading=\"lazy\" decoding=\"async\" title=\"Image\" src=\"http:\/\/www.tjerkstra.com\/images\/stories\/deiboek2\/ynternet100_6537.jpg\" alt=\"Image\" width=\"450\" height=\"338\" border=\"0\" hspace=\"6\" \/><\/p>\n<p>Tusken gatten yn de klean<br \/>\nsjocht men it winterwetter klear<br \/>\nd\u00ear&#8217;t miuwewyt bed\u00fbkt no<br \/>\nnoch de griene gr\u00fbn nei mear<br \/>\ntroch iepen winter bean.<\/p>\n<p><img loading=\"lazy\" decoding=\"async\" title=\"Image\" src=\"http:\/\/www.tjerkstra.com\/images\/stories\/deiboek2\/ynternet100_6556.jpg\" alt=\"Image\" width=\"450\" height=\"338\" border=\"0\" hspace=\"6\" \/><\/p>\n<p>Tusken \u00f4ffalbl\u00ead en baan<br \/>\nd\u00ear&#8217;t wyn de swarte twirren leit,<br \/>\nbliuwt lang it swurk noch hingjen<br \/>\ndat swiersettich &#8217;t libben klaait,<br \/>\nwant iis is mar in waan.<\/td>\n<\/tr>\n<\/tbody>\n<\/table>\n","protected":false},"excerpt":{"rendered":"<p>Tusken hjerst en winter saait it libben \u00f4fwaaid nei de dea en bliuwt fertize hingjen yn it stek, de stielen lea wurdt sa mei \u00f4ffal klaaid. Tusken gatten yn de klean sjocht men it winterwetter klear d\u00ear&#8217;t miuwewyt bed\u00fbkt no noch de griene gr\u00fbn nei mear troch iepen winter bean. Tusken \u00f4ffalbl\u00ead en baan d\u00ear&#8217;t [&hellip;]<\/p>\n","protected":false},"author":1,"featured_media":0,"comment_status":"closed","ping_status":"closed","sticky":false,"template":"","format":"standard","meta":{"footnotes":""},"categories":[3],"tags":[],"class_list":["post-2736","post","type-post","status-publish","format-standard","hentry","category-lyrysk-deiboek"],"_links":{"self":[{"href":"https:\/\/tjerkstra.com\/wordpress\/wp-json\/wp\/v2\/posts\/2736","targetHints":{"allow":["GET"]}}],"collection":[{"href":"https:\/\/tjerkstra.com\/wordpress\/wp-json\/wp\/v2\/posts"}],"about":[{"href":"https:\/\/tjerkstra.com\/wordpress\/wp-json\/wp\/v2\/types\/post"}],"author":[{"embeddable":true,"href":"https:\/\/tjerkstra.com\/wordpress\/wp-json\/wp\/v2\/users\/1"}],"replies":[{"embeddable":true,"href":"https:\/\/tjerkstra.com\/wordpress\/wp-json\/wp\/v2\/comments?post=2736"}],"version-history":[{"count":1,"href":"https:\/\/tjerkstra.com\/wordpress\/wp-json\/wp\/v2\/posts\/2736\/revisions"}],"predecessor-version":[{"id":2737,"href":"https:\/\/tjerkstra.com\/wordpress\/wp-json\/wp\/v2\/posts\/2736\/revisions\/2737"}],"wp:attachment":[{"href":"https:\/\/tjerkstra.com\/wordpress\/wp-json\/wp\/v2\/media?parent=2736"}],"wp:term":[{"taxonomy":"category","embeddable":true,"href":"https:\/\/tjerkstra.com\/wordpress\/wp-json\/wp\/v2\/categories?post=2736"},{"taxonomy":"post_tag","embeddable":true,"href":"https:\/\/tjerkstra.com\/wordpress\/wp-json\/wp\/v2\/tags?post=2736"}],"curies":[{"name":"wp","href":"https:\/\/api.w.org\/{rel}","templated":true}]}}