{"id":2721,"date":"2016-10-12T18:36:46","date_gmt":"2016-10-12T18:36:46","guid":{"rendered":"http:\/\/www.tjerkstra.com\/wordpress\/?p=2721"},"modified":"2016-10-12T18:36:46","modified_gmt":"2016-10-12T18:36:46","slug":"it-ljochte-rjocht","status":"publish","type":"post","link":"https:\/\/tjerkstra.com\/wordpress\/lyrysk-deiboek\/it-ljochte-rjocht\/","title":{"rendered":"It ljochte rjocht"},"content":{"rendered":"<table class=\"contentpaneopen\">\n<tbody>\n<tr>\n<td class=\"contentheading\" width=\"100%\"><\/td>\n<td class=\"buttonheading\" align=\"right\" width=\"100%\"><a title=\"PDF\"> <img decoding=\"async\" src=\"http:\/\/www.tjerkstra.com\/images\/M_images\/pdf_button.png\" alt=\"PDF\" name=\"image\" align=\"middle\" border=\"0\" \/> <\/a><\/td>\n<td class=\"buttonheading\" align=\"right\" width=\"100%\"><a title=\"Print\"> <img decoding=\"async\" src=\"http:\/\/www.tjerkstra.com\/images\/M_images\/printButton.png\" alt=\"Print\" name=\"image\" align=\"middle\" border=\"0\" \/> <\/a><\/td>\n<td class=\"buttonheading\" align=\"right\" width=\"100%\"><a title=\"E-mail\"> <img decoding=\"async\" src=\"http:\/\/www.tjerkstra.com\/images\/M_images\/emailButton.png\" alt=\"E-mail\" name=\"image\" align=\"middle\" border=\"0\" \/> <\/a><\/td>\n<\/tr>\n<\/tbody>\n<\/table>\n<table class=\"contentpaneopen\">\n<tbody>\n<tr>\n<td colspan=\"2\" valign=\"top\"><img loading=\"lazy\" decoding=\"async\" title=\"Image\" src=\"http:\/\/www.tjerkstra.com\/images\/stories\/deiboek2\/ynternet100_6456.jpg\" alt=\"Image\" width=\"450\" height=\"338\" border=\"0\" hspace=\"6\" \/><\/p>\n<p>It sykjen nei it rjochte ljocht<br \/>\nhat minsken troch de tiden b\u00fbn<br \/>\nas sk\u00f4gers tusken siel en loft:<br \/>\nit fonkje dat de waarmte brocht,<br \/>\nde sinne dy&#8217;t de b\u00f4ge r\u00fbn,<br \/>\nmar &#8217;t sykjen duorret al sa&#8217;n skoft.<\/p>\n<p>It ljocht kaam fan de himel del<br \/>\nen waard troch &#8217;t minskdom heind,<br \/>\ndat fangers fleagen hegerop,<br \/>\nde missers kamen yn de hel;<br \/>\nde tiid hat dizze bylden skeind,<br \/>\nfoar hel en himel jildt in stop.<\/p>\n<p>Komt dan de stroom fan \u00fbnder op<br \/>\ndy&#8217;t troch de keale kabels sjit<br \/>\n&#8211; al is de loft natuerlik blau &#8211;<br \/>\nit keunstljocht fiedet oan de top?<br \/>\nSalang&#8217;t de wikel boppe bidt,<br \/>\nbesjongt de m\u00fbs it ljochte rjocht.<\/p>\n<p><img loading=\"lazy\" decoding=\"async\" title=\"Image\" src=\"http:\/\/www.tjerkstra.com\/images\/stories\/deiboek2\/ynternet100_6458.jpg\" alt=\"Image\" width=\"450\" height=\"338\" border=\"0\" hspace=\"6\" \/><\/td>\n<\/tr>\n<\/tbody>\n<\/table>\n","protected":false},"excerpt":{"rendered":"<p>It sykjen nei it rjochte ljocht hat minsken troch de tiden b\u00fbn as sk\u00f4gers tusken siel en loft: it fonkje dat de waarmte brocht, de sinne dy&#8217;t de b\u00f4ge r\u00fbn, mar &#8217;t sykjen duorret al sa&#8217;n skoft. It ljocht kaam fan de himel del en waard troch &#8217;t minskdom heind, dat fangers fleagen hegerop, de [&hellip;]<\/p>\n","protected":false},"author":1,"featured_media":0,"comment_status":"closed","ping_status":"closed","sticky":false,"template":"","format":"standard","meta":{"footnotes":""},"categories":[3],"tags":[],"class_list":["post-2721","post","type-post","status-publish","format-standard","hentry","category-lyrysk-deiboek"],"_links":{"self":[{"href":"https:\/\/tjerkstra.com\/wordpress\/wp-json\/wp\/v2\/posts\/2721","targetHints":{"allow":["GET"]}}],"collection":[{"href":"https:\/\/tjerkstra.com\/wordpress\/wp-json\/wp\/v2\/posts"}],"about":[{"href":"https:\/\/tjerkstra.com\/wordpress\/wp-json\/wp\/v2\/types\/post"}],"author":[{"embeddable":true,"href":"https:\/\/tjerkstra.com\/wordpress\/wp-json\/wp\/v2\/users\/1"}],"replies":[{"embeddable":true,"href":"https:\/\/tjerkstra.com\/wordpress\/wp-json\/wp\/v2\/comments?post=2721"}],"version-history":[{"count":1,"href":"https:\/\/tjerkstra.com\/wordpress\/wp-json\/wp\/v2\/posts\/2721\/revisions"}],"predecessor-version":[{"id":2722,"href":"https:\/\/tjerkstra.com\/wordpress\/wp-json\/wp\/v2\/posts\/2721\/revisions\/2722"}],"wp:attachment":[{"href":"https:\/\/tjerkstra.com\/wordpress\/wp-json\/wp\/v2\/media?parent=2721"}],"wp:term":[{"taxonomy":"category","embeddable":true,"href":"https:\/\/tjerkstra.com\/wordpress\/wp-json\/wp\/v2\/categories?post=2721"},{"taxonomy":"post_tag","embeddable":true,"href":"https:\/\/tjerkstra.com\/wordpress\/wp-json\/wp\/v2\/tags?post=2721"}],"curies":[{"name":"wp","href":"https:\/\/api.w.org\/{rel}","templated":true}]}}