{"id":2695,"date":"2016-10-11T19:53:04","date_gmt":"2016-10-11T19:53:04","guid":{"rendered":"http:\/\/www.tjerkstra.com\/wordpress\/?p=2695"},"modified":"2016-10-11T19:53:04","modified_gmt":"2016-10-11T19:53:04","slug":"vainamoinen","status":"publish","type":"post","link":"https:\/\/tjerkstra.com\/wordpress\/jereims\/vainamoinen\/","title":{"rendered":"V\u00e4in\u00e4m\u00f6inen"},"content":{"rendered":"<table class=\"contentpaneopen\">\n<tbody>\n<tr>\n<td class=\"contentheading\" width=\"100%\"><\/td>\n<td class=\"buttonheading\" align=\"right\" width=\"100%\"><a title=\"PDF\"> <img decoding=\"async\" src=\"http:\/\/www.tjerkstra.com\/images\/M_images\/pdf_button.png\" alt=\"PDF\" name=\"image\" align=\"middle\" border=\"0\" \/> <\/a><\/td>\n<td class=\"buttonheading\" align=\"right\" width=\"100%\"><a title=\"Print\"> <img decoding=\"async\" src=\"http:\/\/www.tjerkstra.com\/images\/M_images\/printButton.png\" alt=\"Print\" name=\"image\" align=\"middle\" border=\"0\" \/> <\/a><\/td>\n<td class=\"buttonheading\" align=\"right\" width=\"100%\"><a title=\"E-mail\"> <img decoding=\"async\" src=\"http:\/\/www.tjerkstra.com\/images\/M_images\/emailButton.png\" alt=\"E-mail\" name=\"image\" align=\"middle\" border=\"0\" \/> <\/a><\/td>\n<\/tr>\n<\/tbody>\n<\/table>\n<table class=\"contentpaneopen\">\n<tbody>\n<tr>\n<td colspan=\"2\" valign=\"top\"><em>van Akseli Gallen Kallela*<\/p>\n<p><img loading=\"lazy\" decoding=\"async\" title=\"Image\" src=\"http:\/\/www.tjerkstra.com\/images\/stories\/deiboek5\/tn_img938.jpg\" alt=\"Image\" width=\"405\" height=\"450\" border=\"0\" hspace=\"6\" \/><br \/>\n<\/em><br \/>\nV\u00e4in\u00e4m\u00f6inen,<br \/>\nFin van grote hoogte,<br \/>\nboom die reikte naar de zon,<br \/>\noogwenk naar de duizend meren,<br \/>\nhalve maan weerspiegeld in de snor,<br \/>\nbaard als een besneeuwde helling,<\/p>\n<p>V\u00e4in\u00e4m\u00f6inen,<br \/>\ntovenaar die alles kon?<\/p>\n<p>V\u00e4in\u00e4m\u00f6inen,<br \/>\neerder wijze zanger<br \/>\nvan het epos van de Fin:<br \/>\nKalevala, vijftig zangen<br \/>\nover &#8217;t land weerspiegeld in de ziel<br \/>\nvan de stam van V\u00e4in\u00e4m\u00f6inen,<br \/>\nwijze ziener,<br \/>\nhij die gaf het leven zin.<\/p>\n<p><em>* Schilderij &#8216;De tovenaar V\u00e4in\u00e4m\u00f6inen&#8217;<br \/>\n(rond 1895 &#8211; 27 x 24 cm.)<\/p>\n<p><\/em><\/td>\n<\/tr>\n<\/tbody>\n<\/table>\n","protected":false},"excerpt":{"rendered":"<p>van Akseli Gallen Kallela* V\u00e4in\u00e4m\u00f6inen, Fin van grote hoogte, boom die reikte naar de zon, oogwenk naar de duizend meren, halve maan weerspiegeld in de snor, baard als een besneeuwde helling, V\u00e4in\u00e4m\u00f6inen, tovenaar die alles kon? V\u00e4in\u00e4m\u00f6inen, eerder wijze zanger van het epos van de Fin: Kalevala, vijftig zangen over &#8217;t land weerspiegeld in de [&hellip;]<\/p>\n","protected":false},"author":1,"featured_media":0,"comment_status":"closed","ping_status":"closed","sticky":false,"template":"","format":"standard","meta":{"footnotes":""},"categories":[5],"tags":[],"class_list":["post-2695","post","type-post","status-publish","format-standard","hentry","category-jereims"],"_links":{"self":[{"href":"https:\/\/tjerkstra.com\/wordpress\/wp-json\/wp\/v2\/posts\/2695","targetHints":{"allow":["GET"]}}],"collection":[{"href":"https:\/\/tjerkstra.com\/wordpress\/wp-json\/wp\/v2\/posts"}],"about":[{"href":"https:\/\/tjerkstra.com\/wordpress\/wp-json\/wp\/v2\/types\/post"}],"author":[{"embeddable":true,"href":"https:\/\/tjerkstra.com\/wordpress\/wp-json\/wp\/v2\/users\/1"}],"replies":[{"embeddable":true,"href":"https:\/\/tjerkstra.com\/wordpress\/wp-json\/wp\/v2\/comments?post=2695"}],"version-history":[{"count":1,"href":"https:\/\/tjerkstra.com\/wordpress\/wp-json\/wp\/v2\/posts\/2695\/revisions"}],"predecessor-version":[{"id":2696,"href":"https:\/\/tjerkstra.com\/wordpress\/wp-json\/wp\/v2\/posts\/2695\/revisions\/2696"}],"wp:attachment":[{"href":"https:\/\/tjerkstra.com\/wordpress\/wp-json\/wp\/v2\/media?parent=2695"}],"wp:term":[{"taxonomy":"category","embeddable":true,"href":"https:\/\/tjerkstra.com\/wordpress\/wp-json\/wp\/v2\/categories?post=2695"},{"taxonomy":"post_tag","embeddable":true,"href":"https:\/\/tjerkstra.com\/wordpress\/wp-json\/wp\/v2\/tags?post=2695"}],"curies":[{"name":"wp","href":"https:\/\/api.w.org\/{rel}","templated":true}]}}