{"id":253,"date":"2016-09-20T19:05:05","date_gmt":"2016-09-20T19:05:05","guid":{"rendered":"http:\/\/www.tjerkstra.com\/wordpress\/?p=253"},"modified":"2016-09-20T19:05:05","modified_gmt":"2016-09-20T19:05:05","slug":"preamtsjinst","status":"publish","type":"post","link":"https:\/\/tjerkstra.com\/wordpress\/lyrysk-deiboek\/preamtsjinst\/","title":{"rendered":"Preamtsjinst"},"content":{"rendered":"<table class=\"contentpaneopen\">\n<tbody>\n<tr>\n<td class=\"contentheading\" width=\"100%\"><\/td>\n<td class=\"buttonheading\" align=\"right\" width=\"100%\"><a title=\"PDF\"> <img decoding=\"async\" src=\"http:\/\/www.tjerkstra.com\/images\/M_images\/pdf_button.png\" alt=\"PDF\" name=\"image\" align=\"middle\" border=\"0\" \/> <\/a><\/td>\n<td class=\"buttonheading\" align=\"right\" width=\"100%\"><a title=\"Print\"> <img decoding=\"async\" src=\"http:\/\/www.tjerkstra.com\/images\/M_images\/printButton.png\" alt=\"Print\" name=\"image\" align=\"middle\" border=\"0\" \/> <\/a><\/td>\n<td class=\"buttonheading\" align=\"right\" width=\"100%\"><a title=\"E-mail\"> <img decoding=\"async\" src=\"http:\/\/www.tjerkstra.com\/images\/M_images\/emailButton.png\" alt=\"E-mail\" name=\"image\" align=\"middle\" border=\"0\" \/> <\/a><\/td>\n<\/tr>\n<\/tbody>\n<\/table>\n<table class=\"contentpaneopen\">\n<tbody>\n<tr>\n<td colspan=\"2\" valign=\"top\"><em>snein, 4 septimber 2005<\/p>\n<p><\/em>Broek, it gea dat leger leit<br \/>\nas wetterweagen, r\u00f4ljend<br \/>\nfan de Wiellen nei de sl\u00fbs,<br \/>\nit gea fan harren heit<br \/>\nas boer en skipper manlju<br \/>\nmei God oer &#8217;t wetter rinnend<br \/>\nyn de pream fan l\u00e2n nei h\u00fbs.<\/p>\n<p>Broek, op &#8217;t h\u00f4f de klokkestoel,<br \/>\nde trije preammen sprekke<br \/>\nfan de Heit, de Soan en Geast,<br \/>\ndy&#8217;t harren driuwt nei &#8217;t doel<br \/>\nom stilsteand oan te stekken<br \/>\nop leger w\u00e2l, d\u00ear&#8217;t sinne-<br \/>\nljocht komt rinnend \u00fat it east.<\/p>\n<p>Wiellen by Langwar as See<br \/>\nfan Galilea, blinkend<br \/>\nstil, fan skientme stom,<br \/>\nynienen r\u00f4ljend, stee<br \/>\nfan fiskers, manlju sinkend<br \/>\noant Hy as Skipper rinnend<br \/>\noer it Wiellenwetter komt.<\/p>\n<p><img loading=\"lazy\" decoding=\"async\" title=\"Image\" src=\"http:\/\/www.tjerkstra.com\/images\/stories\/deiboek\/ynternet_100_0690.jpg\" alt=\"Image\" width=\"450\" height=\"338\" border=\"0\" hspace=\"6\" \/><\/td>\n<\/tr>\n<\/tbody>\n<\/table>\n","protected":false},"excerpt":{"rendered":"<p>snein, 4 septimber 2005 Broek, it gea dat leger leit as wetterweagen, r\u00f4ljend fan de Wiellen nei de sl\u00fbs, it gea fan harren heit as boer en skipper manlju mei God oer &#8217;t wetter rinnend yn de pream fan l\u00e2n nei h\u00fbs. Broek, op &#8217;t h\u00f4f de klokkestoel, de trije preammen sprekke fan de Heit, [&hellip;]<\/p>\n","protected":false},"author":1,"featured_media":0,"comment_status":"closed","ping_status":"closed","sticky":false,"template":"","format":"standard","meta":{"footnotes":""},"categories":[3],"tags":[],"class_list":["post-253","post","type-post","status-publish","format-standard","hentry","category-lyrysk-deiboek"],"_links":{"self":[{"href":"https:\/\/tjerkstra.com\/wordpress\/wp-json\/wp\/v2\/posts\/253","targetHints":{"allow":["GET"]}}],"collection":[{"href":"https:\/\/tjerkstra.com\/wordpress\/wp-json\/wp\/v2\/posts"}],"about":[{"href":"https:\/\/tjerkstra.com\/wordpress\/wp-json\/wp\/v2\/types\/post"}],"author":[{"embeddable":true,"href":"https:\/\/tjerkstra.com\/wordpress\/wp-json\/wp\/v2\/users\/1"}],"replies":[{"embeddable":true,"href":"https:\/\/tjerkstra.com\/wordpress\/wp-json\/wp\/v2\/comments?post=253"}],"version-history":[{"count":1,"href":"https:\/\/tjerkstra.com\/wordpress\/wp-json\/wp\/v2\/posts\/253\/revisions"}],"predecessor-version":[{"id":254,"href":"https:\/\/tjerkstra.com\/wordpress\/wp-json\/wp\/v2\/posts\/253\/revisions\/254"}],"wp:attachment":[{"href":"https:\/\/tjerkstra.com\/wordpress\/wp-json\/wp\/v2\/media?parent=253"}],"wp:term":[{"taxonomy":"category","embeddable":true,"href":"https:\/\/tjerkstra.com\/wordpress\/wp-json\/wp\/v2\/categories?post=253"},{"taxonomy":"post_tag","embeddable":true,"href":"https:\/\/tjerkstra.com\/wordpress\/wp-json\/wp\/v2\/tags?post=253"}],"curies":[{"name":"wp","href":"https:\/\/api.w.org\/{rel}","templated":true}]}}