{"id":2496,"date":"2016-10-10T19:14:58","date_gmt":"2016-10-10T19:14:58","guid":{"rendered":"http:\/\/www.tjerkstra.com\/wordpress\/?p=2496"},"modified":"2016-10-10T19:14:58","modified_gmt":"2016-10-10T19:14:58","slug":"boeresoan","status":"publish","type":"post","link":"https:\/\/tjerkstra.com\/wordpress\/lyrysk-deiboek\/boeresoan\/","title":{"rendered":"Boeresoan"},"content":{"rendered":"<table class=\"contentpaneopen\">\n<tbody>\n<tr>\n<td class=\"contentheading\" width=\"100%\"><\/td>\n<td class=\"buttonheading\" align=\"right\" width=\"100%\"><a title=\"PDF\"> <img decoding=\"async\" src=\"http:\/\/www.tjerkstra.com\/images\/M_images\/pdf_button.png\" alt=\"PDF\" name=\"image\" align=\"middle\" border=\"0\" \/> <\/a><\/td>\n<td class=\"buttonheading\" align=\"right\" width=\"100%\"><a title=\"Print\"> <img decoding=\"async\" src=\"http:\/\/www.tjerkstra.com\/images\/M_images\/printButton.png\" alt=\"Print\" name=\"image\" align=\"middle\" border=\"0\" \/> <\/a><\/td>\n<td class=\"buttonheading\" align=\"right\" width=\"100%\"><a title=\"E-mail\"> <img decoding=\"async\" src=\"http:\/\/www.tjerkstra.com\/images\/M_images\/emailButton.png\" alt=\"E-mail\" name=\"image\" align=\"middle\" border=\"0\" \/> <\/a><\/td>\n<\/tr>\n<\/tbody>\n<\/table>\n<table class=\"contentpaneopen\">\n<tbody>\n<tr>\n<td colspan=\"2\" valign=\"top\"><img loading=\"lazy\" decoding=\"async\" title=\"Image\" src=\"http:\/\/www.tjerkstra.com\/images\/stories\/deiboek2\/ynternet100_5572.jpg\" alt=\"Image\" width=\"450\" height=\"338\" border=\"0\" hspace=\"6\" \/><\/p>\n<p>Ut &#8216;e hichte fan de \u00fatsichttoer<br \/>\nbeseach ik &#8217;t drok beweech<br \/>\nfan &#8217;t masinale meanen:<br \/>\n\u00fbngetiid fan koarte doer,<br \/>\nyn elke tel in feech,<br \/>\nit like my op fleanen.<\/p>\n<p>Fierder r\u00fbn ik op it plattel\u00e2n<br \/>\nen seach &#8217;t beweech ris oan<br \/>\nfan&#8217;t jonkje dat d\u00ear wenne:<br \/>\nhy hie in harke yn de h\u00e2n,<br \/>\nas echte boeresoan<br \/>\nliet hy him oan my kenne:<\/p>\n<p>&#8216;Foar \u00fas heit doch ik it hiele hiem,<br \/>\nik moat betiid der\u00f4f,<br \/>\nwant oars kin ik it skudde.&#8217;<br \/>\nMei de tomme oan de riem,<br \/>\nsa frege hy him \u00f4f<br \/>\nom no noch boer te wurden?<\/p>\n<p><img loading=\"lazy\" decoding=\"async\" title=\"Image\" src=\"http:\/\/www.tjerkstra.com\/images\/stories\/deiboek2\/ynternet100_5533.jpg\" alt=\"Image\" width=\"450\" height=\"338\" border=\"0\" hspace=\"6\" \/><\/td>\n<\/tr>\n<\/tbody>\n<\/table>\n","protected":false},"excerpt":{"rendered":"<p>Ut &#8216;e hichte fan de \u00fatsichttoer beseach ik &#8217;t drok beweech fan &#8217;t masinale meanen: \u00fbngetiid fan koarte doer, yn elke tel in feech, it like my op fleanen. Fierder r\u00fbn ik op it plattel\u00e2n en seach &#8217;t beweech ris oan fan&#8217;t jonkje dat d\u00ear wenne: hy hie in harke yn de h\u00e2n, as echte [&hellip;]<\/p>\n","protected":false},"author":1,"featured_media":0,"comment_status":"closed","ping_status":"closed","sticky":false,"template":"","format":"standard","meta":{"footnotes":""},"categories":[3],"tags":[],"class_list":["post-2496","post","type-post","status-publish","format-standard","hentry","category-lyrysk-deiboek"],"_links":{"self":[{"href":"https:\/\/tjerkstra.com\/wordpress\/wp-json\/wp\/v2\/posts\/2496","targetHints":{"allow":["GET"]}}],"collection":[{"href":"https:\/\/tjerkstra.com\/wordpress\/wp-json\/wp\/v2\/posts"}],"about":[{"href":"https:\/\/tjerkstra.com\/wordpress\/wp-json\/wp\/v2\/types\/post"}],"author":[{"embeddable":true,"href":"https:\/\/tjerkstra.com\/wordpress\/wp-json\/wp\/v2\/users\/1"}],"replies":[{"embeddable":true,"href":"https:\/\/tjerkstra.com\/wordpress\/wp-json\/wp\/v2\/comments?post=2496"}],"version-history":[{"count":1,"href":"https:\/\/tjerkstra.com\/wordpress\/wp-json\/wp\/v2\/posts\/2496\/revisions"}],"predecessor-version":[{"id":2497,"href":"https:\/\/tjerkstra.com\/wordpress\/wp-json\/wp\/v2\/posts\/2496\/revisions\/2497"}],"wp:attachment":[{"href":"https:\/\/tjerkstra.com\/wordpress\/wp-json\/wp\/v2\/media?parent=2496"}],"wp:term":[{"taxonomy":"category","embeddable":true,"href":"https:\/\/tjerkstra.com\/wordpress\/wp-json\/wp\/v2\/categories?post=2496"},{"taxonomy":"post_tag","embeddable":true,"href":"https:\/\/tjerkstra.com\/wordpress\/wp-json\/wp\/v2\/tags?post=2496"}],"curies":[{"name":"wp","href":"https:\/\/api.w.org\/{rel}","templated":true}]}}