{"id":244,"date":"2016-09-20T19:00:20","date_gmt":"2016-09-20T19:00:20","guid":{"rendered":"http:\/\/www.tjerkstra.com\/wordpress\/?p=244"},"modified":"2016-09-20T19:00:20","modified_gmt":"2016-09-20T19:00:20","slug":"de-stilte-fan-de-mist","status":"publish","type":"post","link":"https:\/\/tjerkstra.com\/wordpress\/lyrysk-deiboek\/de-stilte-fan-de-mist\/","title":{"rendered":"De stilte fan de mist"},"content":{"rendered":"<table class=\"contentpaneopen\">\n<tbody>\n<tr>\n<td class=\"contentheading\" width=\"100%\"><\/td>\n<td class=\"buttonheading\" align=\"right\" width=\"100%\"><a title=\"PDF\"> <img decoding=\"async\" src=\"http:\/\/www.tjerkstra.com\/images\/M_images\/pdf_button.png\" alt=\"PDF\" name=\"image\" align=\"middle\" border=\"0\" \/> <\/a><\/td>\n<td class=\"buttonheading\" align=\"right\" width=\"100%\"><a title=\"Print\"> <img decoding=\"async\" src=\"http:\/\/www.tjerkstra.com\/images\/M_images\/printButton.png\" alt=\"Print\" name=\"image\" align=\"middle\" border=\"0\" \/> <\/a><\/td>\n<td class=\"buttonheading\" align=\"right\" width=\"100%\"><a title=\"E-mail\"> <img decoding=\"async\" src=\"http:\/\/www.tjerkstra.com\/images\/M_images\/emailButton.png\" alt=\"E-mail\" name=\"image\" align=\"middle\" border=\"0\" \/> <\/a><\/td>\n<\/tr>\n<\/tbody>\n<\/table>\n<table class=\"contentpaneopen\">\n<tbody>\n<tr>\n<td colspan=\"2\" valign=\"top\">De wr\u00e2ld wie lyts, it tichte skerm<br \/>\nfan mist stie oeral yn it r\u00fbn<br \/>\nen ek de stilte hong fan berm<br \/>\nnei berm, der kaam gjin inkeld l\u00fbd<br \/>\ntrochhinne, oars net as de stap,<br \/>\ndy&#8217;t klonk as yn de watten lein,<br \/>\nen yn dyselde tiid it bloed,<br \/>\nde klop fan &#8217;t hert, al like rap<br \/>\nom troch te brekken nei de ein,<br \/>\nd\u00ear w\u00ear&#8217;t it libben leven joech&#8230;<br \/>\nen doe, ynienen briek it troch,<br \/>\nit bl\u00eatsjen, heech en leech, en sjoch,<br \/>\nde keppel, kringend nei it stek,<br \/>\nsa bang as skiep foar &#8217;t driigjend skerm,<br \/>\njoech my wer oan w\u00ear&#8217;t ik om socht<br \/>\nen djip belutsen by &#8217;t gefoel<br \/>\ndat deadske stilte harren brocht,<br \/>\ndie ik de stap fan dyk nei berm,<br \/>\nsa fierder nei it stek en by<br \/>\nde keppel wie de driging oer,<br \/>\nbeg\u00fbn de stilte op &#8216;e nij.<\/p>\n<p><img loading=\"lazy\" decoding=\"async\" title=\"Image\" src=\"http:\/\/www.tjerkstra.com\/images\/stories\/deiboek\/ynternet_100_0451.jpg\" alt=\"Image\" width=\"450\" height=\"338\" border=\"0\" hspace=\"6\" \/><\/td>\n<\/tr>\n<\/tbody>\n<\/table>\n","protected":false},"excerpt":{"rendered":"<p>De wr\u00e2ld wie lyts, it tichte skerm fan mist stie oeral yn it r\u00fbn en ek de stilte hong fan berm nei berm, der kaam gjin inkeld l\u00fbd trochhinne, oars net as de stap, dy&#8217;t klonk as yn de watten lein, en yn dyselde tiid it bloed, de klop fan &#8217;t hert, al like rap [&hellip;]<\/p>\n","protected":false},"author":1,"featured_media":0,"comment_status":"closed","ping_status":"closed","sticky":false,"template":"","format":"standard","meta":{"footnotes":""},"categories":[3],"tags":[],"class_list":["post-244","post","type-post","status-publish","format-standard","hentry","category-lyrysk-deiboek"],"_links":{"self":[{"href":"https:\/\/tjerkstra.com\/wordpress\/wp-json\/wp\/v2\/posts\/244","targetHints":{"allow":["GET"]}}],"collection":[{"href":"https:\/\/tjerkstra.com\/wordpress\/wp-json\/wp\/v2\/posts"}],"about":[{"href":"https:\/\/tjerkstra.com\/wordpress\/wp-json\/wp\/v2\/types\/post"}],"author":[{"embeddable":true,"href":"https:\/\/tjerkstra.com\/wordpress\/wp-json\/wp\/v2\/users\/1"}],"replies":[{"embeddable":true,"href":"https:\/\/tjerkstra.com\/wordpress\/wp-json\/wp\/v2\/comments?post=244"}],"version-history":[{"count":1,"href":"https:\/\/tjerkstra.com\/wordpress\/wp-json\/wp\/v2\/posts\/244\/revisions"}],"predecessor-version":[{"id":245,"href":"https:\/\/tjerkstra.com\/wordpress\/wp-json\/wp\/v2\/posts\/244\/revisions\/245"}],"wp:attachment":[{"href":"https:\/\/tjerkstra.com\/wordpress\/wp-json\/wp\/v2\/media?parent=244"}],"wp:term":[{"taxonomy":"category","embeddable":true,"href":"https:\/\/tjerkstra.com\/wordpress\/wp-json\/wp\/v2\/categories?post=244"},{"taxonomy":"post_tag","embeddable":true,"href":"https:\/\/tjerkstra.com\/wordpress\/wp-json\/wp\/v2\/tags?post=244"}],"curies":[{"name":"wp","href":"https:\/\/api.w.org\/{rel}","templated":true}]}}