{"id":24345,"date":"2026-08-31T16:45:16","date_gmt":"2026-08-31T16:45:16","guid":{"rendered":"https:\/\/tjerkstra.com\/wordpress\/?p=24345"},"modified":"2026-08-31T16:46:01","modified_gmt":"2026-08-31T16:46:01","slug":"martin-luther-king","status":"publish","type":"post","link":"https:\/\/tjerkstra.com\/wordpress\/skiednisbylden\/martin-luther-king\/","title":{"rendered":"Martin Luther King"},"content":{"rendered":"\n<figure class=\"wp-block-image size-large\"><img loading=\"lazy\" decoding=\"async\" width=\"600\" height=\"392\" src=\"https:\/\/tjerkstra.com\/wordpress\/wp-content\/uploads\/2026\/08\/Martin-Luther-King-600x392.jpg\" alt=\"\" class=\"wp-image-24347\" srcset=\"https:\/\/tjerkstra.com\/wordpress\/wp-content\/uploads\/2026\/08\/Martin-Luther-King-600x392.jpg 600w, https:\/\/tjerkstra.com\/wordpress\/wp-content\/uploads\/2026\/08\/Martin-Luther-King-300x196.jpg 300w, https:\/\/tjerkstra.com\/wordpress\/wp-content\/uploads\/2026\/08\/Martin-Luther-King-768x502.jpg 768w, https:\/\/tjerkstra.com\/wordpress\/wp-content\/uploads\/2026\/08\/Martin-Luther-King-1536x1004.jpg 1536w, https:\/\/tjerkstra.com\/wordpress\/wp-content\/uploads\/2026\/08\/Martin-Luther-King-535x350.jpg 535w, https:\/\/tjerkstra.com\/wordpress\/wp-content\/uploads\/2026\/08\/Martin-Luther-King-102x67.jpg 102w, https:\/\/tjerkstra.com\/wordpress\/wp-content\/uploads\/2026\/08\/Martin-Luther-King.jpg 2048w\" sizes=\"auto, (max-width: 600px) 100vw, 600px\" \/><\/figure>\n\n\n\n<p><em>fan \u00fbnbekend*<br><\/em><br>In swarte hat in swarte siel,<br>sa wie it oardiel fan de blanke,<br>sprekkend foar syn Leave Hear,<br>dy\u2019t as Blanke rjocht\u00fat spriek:<br>\u2018De swarte hat oan my gjin diel.\u2019<br><br>De swarte Martin Luther King<br>oardielde net, mar dielde mei dat<br>hy in boadskip hie foar elk<br>mei in siel, of blank of swart,<br>it gie om frede \u00fbnderling.<br><br>Syn dream wie dat syn eigen soan,<br>dy\u2019t swart wie, mei in blanke boarte,<br>dat gjin kleur har skiede soe,<br>beide sielen ien fan sin,<br>d\u00ear kaam it yn de dream op oan.<br><br>De dream klonk oer de hiele wr\u00e2ld<br>en makke swart en blank klear wekker,<br>blanke haters spilen op,<br>skeaten wurd en k\u00fbgel \u00f4f,<br>de fredeskening waard net \u00e2ld.<br><br><em>* Foto \u2018Martin Luther King\u2019<\/em><\/p>\n","protected":false},"excerpt":{"rendered":"<p>fan \u00fbnbekend*In swarte hat in swarte siel,sa wie it oardiel fan de blanke,sprekkend foar syn Leave Hear,dy\u2019t as Blanke rjocht\u00fat spriek:\u2018De swarte hat oan my gjin diel.\u2019 De swarte Martin Luther Kingoardielde net, mar dielde mei dathy in boadskip hie foar elkmei in siel, of blank of swart,it gie om frede \u00fbnderling. Syn dream wie [&hellip;]<\/p>\n","protected":false},"author":1,"featured_media":0,"comment_status":"closed","ping_status":"closed","sticky":false,"template":"","format":"standard","meta":{"footnotes":""},"categories":[9],"tags":[],"class_list":["post-24345","post","type-post","status-publish","format-standard","hentry","category-skiednisbylden"],"_links":{"self":[{"href":"https:\/\/tjerkstra.com\/wordpress\/wp-json\/wp\/v2\/posts\/24345","targetHints":{"allow":["GET"]}}],"collection":[{"href":"https:\/\/tjerkstra.com\/wordpress\/wp-json\/wp\/v2\/posts"}],"about":[{"href":"https:\/\/tjerkstra.com\/wordpress\/wp-json\/wp\/v2\/types\/post"}],"author":[{"embeddable":true,"href":"https:\/\/tjerkstra.com\/wordpress\/wp-json\/wp\/v2\/users\/1"}],"replies":[{"embeddable":true,"href":"https:\/\/tjerkstra.com\/wordpress\/wp-json\/wp\/v2\/comments?post=24345"}],"version-history":[{"count":3,"href":"https:\/\/tjerkstra.com\/wordpress\/wp-json\/wp\/v2\/posts\/24345\/revisions"}],"predecessor-version":[{"id":24349,"href":"https:\/\/tjerkstra.com\/wordpress\/wp-json\/wp\/v2\/posts\/24345\/revisions\/24349"}],"wp:attachment":[{"href":"https:\/\/tjerkstra.com\/wordpress\/wp-json\/wp\/v2\/media?parent=24345"}],"wp:term":[{"taxonomy":"category","embeddable":true,"href":"https:\/\/tjerkstra.com\/wordpress\/wp-json\/wp\/v2\/categories?post=24345"},{"taxonomy":"post_tag","embeddable":true,"href":"https:\/\/tjerkstra.com\/wordpress\/wp-json\/wp\/v2\/tags?post=24345"}],"curies":[{"name":"wp","href":"https:\/\/api.w.org\/{rel}","templated":true}]}}