{"id":24227,"date":"2026-04-27T17:11:21","date_gmt":"2026-04-27T17:11:21","guid":{"rendered":"https:\/\/tjerkstra.com\/wordpress\/?p=24227"},"modified":"2026-04-27T17:11:21","modified_gmt":"2026-04-27T17:11:21","slug":"minsklik-rofdier","status":"publish","type":"post","link":"https:\/\/tjerkstra.com\/wordpress\/keunst\/minsklik-rofdier\/","title":{"rendered":"Minsklik r\u00f4fdier"},"content":{"rendered":"\n<figure class=\"wp-block-image size-large\"><img loading=\"lazy\" decoding=\"async\" width=\"600\" height=\"470\" src=\"https:\/\/tjerkstra.com\/wordpress\/wp-content\/uploads\/2026\/04\/Rubens-18-600x470.jpg\" alt=\"\" class=\"wp-image-24230\" srcset=\"https:\/\/tjerkstra.com\/wordpress\/wp-content\/uploads\/2026\/04\/Rubens-18-600x470.jpg 600w, https:\/\/tjerkstra.com\/wordpress\/wp-content\/uploads\/2026\/04\/Rubens-18-300x235.jpg 300w, https:\/\/tjerkstra.com\/wordpress\/wp-content\/uploads\/2026\/04\/Rubens-18-768x602.jpg 768w, https:\/\/tjerkstra.com\/wordpress\/wp-content\/uploads\/2026\/04\/Rubens-18-447x350.jpg 447w, https:\/\/tjerkstra.com\/wordpress\/wp-content\/uploads\/2026\/04\/Rubens-18-91x71.jpg 91w, https:\/\/tjerkstra.com\/wordpress\/wp-content\/uploads\/2026\/04\/Rubens-18.jpg 800w\" sizes=\"auto, (max-width: 600px) 100vw, 600px\" \/><\/figure>\n\n\n\n<p><em>fan Peter Paul Rubens*<br><\/em><br>Wat fiert in minske nei de bisten<br>dy\u2019t har eigen paden gean,<br>natuerlik libje nei de genen<br>dy\u2019t \u00fbntstiene neffens Darwins<br>evol\u00fasjeteory spontaan,<br>d\u00ear\u2019t jagers neat fan wisten.<br><br>It binne genen fan de minske<br>dy\u2019t ferlykber binne mei<br>dy fan de liuw en tiger,<br>mins as r\u00f4fdier neffens Darwins<br>evol\u00fasjeteory, net jaan,<br>mar nimme nei syn winsken.<br><br>It hynder tilt him yn de hichte<br>om op jacht te gean mei sicht<br>op liuw en tiger, beide r\u00f4fdier<br>neffens \u2019t minskelike tinken,<br>sels ek machtich om in oar te slaan,<br>syn slaaf striidt yn de lichte.<br><em><br>* Peter Paul Rubens (1577-1640)<br>Skilderij \u2018Jacht op tiger en liuw\u2019<br><\/em>\u00a0<\/p>\n","protected":false},"excerpt":{"rendered":"<p>fan Peter Paul Rubens*Wat fiert in minske nei de bistendy\u2019t har eigen paden gean,natuerlik libje nei de genendy\u2019t \u00fbntstiene neffens Darwinsevol\u00fasjeteory spontaan,d\u00ear\u2019t jagers neat fan wisten. It binne genen fan de minskedy\u2019t ferlykber binne meidy fan de liuw en tiger,mins as r\u00f4fdier neffens Darwinsevol\u00fasjeteory, net jaan,mar nimme nei syn winsken. It hynder tilt him yn [&hellip;]<\/p>\n","protected":false},"author":1,"featured_media":0,"comment_status":"closed","ping_status":"closed","sticky":false,"template":"","format":"standard","meta":{"footnotes":""},"categories":[6],"tags":[],"class_list":["post-24227","post","type-post","status-publish","format-standard","hentry","category-keunst"],"_links":{"self":[{"href":"https:\/\/tjerkstra.com\/wordpress\/wp-json\/wp\/v2\/posts\/24227","targetHints":{"allow":["GET"]}}],"collection":[{"href":"https:\/\/tjerkstra.com\/wordpress\/wp-json\/wp\/v2\/posts"}],"about":[{"href":"https:\/\/tjerkstra.com\/wordpress\/wp-json\/wp\/v2\/types\/post"}],"author":[{"embeddable":true,"href":"https:\/\/tjerkstra.com\/wordpress\/wp-json\/wp\/v2\/users\/1"}],"replies":[{"embeddable":true,"href":"https:\/\/tjerkstra.com\/wordpress\/wp-json\/wp\/v2\/comments?post=24227"}],"version-history":[{"count":2,"href":"https:\/\/tjerkstra.com\/wordpress\/wp-json\/wp\/v2\/posts\/24227\/revisions"}],"predecessor-version":[{"id":24231,"href":"https:\/\/tjerkstra.com\/wordpress\/wp-json\/wp\/v2\/posts\/24227\/revisions\/24231"}],"wp:attachment":[{"href":"https:\/\/tjerkstra.com\/wordpress\/wp-json\/wp\/v2\/media?parent=24227"}],"wp:term":[{"taxonomy":"category","embeddable":true,"href":"https:\/\/tjerkstra.com\/wordpress\/wp-json\/wp\/v2\/categories?post=24227"},{"taxonomy":"post_tag","embeddable":true,"href":"https:\/\/tjerkstra.com\/wordpress\/wp-json\/wp\/v2\/tags?post=24227"}],"curies":[{"name":"wp","href":"https:\/\/api.w.org\/{rel}","templated":true}]}}