{"id":24128,"date":"2026-01-21T18:09:22","date_gmt":"2026-01-21T18:09:22","guid":{"rendered":"https:\/\/tjerkstra.com\/wordpress\/?p=24128"},"modified":"2026-01-21T18:09:22","modified_gmt":"2026-01-21T18:09:22","slug":"fredesrie","status":"publish","type":"post","link":"https:\/\/tjerkstra.com\/wordpress\/polityk\/fredesrie\/","title":{"rendered":"Fredesrie"},"content":{"rendered":"\n<figure class=\"wp-block-image size-large is-style-default\"><img loading=\"lazy\" decoding=\"async\" width=\"600\" height=\"390\" src=\"https:\/\/tjerkstra.com\/wordpress\/wp-content\/uploads\/2026\/01\/Fredesdowen-600x390.jpeg\" alt=\"\" class=\"wp-image-24130\" srcset=\"https:\/\/tjerkstra.com\/wordpress\/wp-content\/uploads\/2026\/01\/Fredesdowen-600x390.jpeg 600w, https:\/\/tjerkstra.com\/wordpress\/wp-content\/uploads\/2026\/01\/Fredesdowen-300x195.jpeg 300w, https:\/\/tjerkstra.com\/wordpress\/wp-content\/uploads\/2026\/01\/Fredesdowen-768x500.jpeg 768w, https:\/\/tjerkstra.com\/wordpress\/wp-content\/uploads\/2026\/01\/Fredesdowen-538x350.jpeg 538w, https:\/\/tjerkstra.com\/wordpress\/wp-content\/uploads\/2026\/01\/Fredesdowen-102x66.jpeg 102w, https:\/\/tjerkstra.com\/wordpress\/wp-content\/uploads\/2026\/01\/Fredesdowen.jpeg 1280w\" sizes=\"auto, (max-width: 600px) 100vw, 600px\" \/><\/figure>\n\n\n\n<p><em>fan \u00fbnbekend*<br><\/em><br>Kom gear, myn fredesdowen,<br>wjukje nei it Wite H\u00fbs<br>om oer myn frede te oerlizzen,<br>de wr\u00e2ld hat oars net as ferlet<br>fan my om \u2019t leger foar te sitten,<br>ik sil de wierheid sizze.<br><br>Men moat gjin leagen leauwe,<br>wat ik sis, is stjerrend wier,<br>lit Rusl\u00e2n, mar ek Hongarije<br>plak nimme yn myn Fredesrie,<br>Wyt-Rusl\u00e2n sil ik ek talitte,<br>kleur wyt kin sprekken lije.<br><br>Lit Israel oer Gaza<br>sprekke, want d\u00ear is it bard,<br>lit Rusl\u00e2n \u2019t oard ta lusth\u00f4f meitsje,<br>mar earst skinkt Poetin in miljard,<br>dan help ik him yn Oekra\u00efne,<br>ik sil foar frede pleitsje.<br><br><em>Yllustraasje \u2018Fredesdowen\u2019\u00a0<br><\/em><br><br><\/p>\n","protected":false},"excerpt":{"rendered":"<p>fan \u00fbnbekend*Kom gear, myn fredesdowen,wjukje nei it Wite H\u00fbsom oer myn frede te oerlizzen,de wr\u00e2ld hat oars net as ferletfan my om \u2019t leger foar te sitten,ik sil de wierheid sizze. Men moat gjin leagen leauwe,wat ik sis, is stjerrend wier,lit Rusl\u00e2n, mar ek Hongarijeplak nimme yn myn Fredesrie,Wyt-Rusl\u00e2n sil ik ek talitte,kleur wyt kin [&hellip;]<\/p>\n","protected":false},"author":1,"featured_media":0,"comment_status":"closed","ping_status":"closed","sticky":false,"template":"","format":"standard","meta":{"footnotes":""},"categories":[7],"tags":[],"class_list":["post-24128","post","type-post","status-publish","format-standard","hentry","category-polityk"],"_links":{"self":[{"href":"https:\/\/tjerkstra.com\/wordpress\/wp-json\/wp\/v2\/posts\/24128","targetHints":{"allow":["GET"]}}],"collection":[{"href":"https:\/\/tjerkstra.com\/wordpress\/wp-json\/wp\/v2\/posts"}],"about":[{"href":"https:\/\/tjerkstra.com\/wordpress\/wp-json\/wp\/v2\/types\/post"}],"author":[{"embeddable":true,"href":"https:\/\/tjerkstra.com\/wordpress\/wp-json\/wp\/v2\/users\/1"}],"replies":[{"embeddable":true,"href":"https:\/\/tjerkstra.com\/wordpress\/wp-json\/wp\/v2\/comments?post=24128"}],"version-history":[{"count":2,"href":"https:\/\/tjerkstra.com\/wordpress\/wp-json\/wp\/v2\/posts\/24128\/revisions"}],"predecessor-version":[{"id":24131,"href":"https:\/\/tjerkstra.com\/wordpress\/wp-json\/wp\/v2\/posts\/24128\/revisions\/24131"}],"wp:attachment":[{"href":"https:\/\/tjerkstra.com\/wordpress\/wp-json\/wp\/v2\/media?parent=24128"}],"wp:term":[{"taxonomy":"category","embeddable":true,"href":"https:\/\/tjerkstra.com\/wordpress\/wp-json\/wp\/v2\/categories?post=24128"},{"taxonomy":"post_tag","embeddable":true,"href":"https:\/\/tjerkstra.com\/wordpress\/wp-json\/wp\/v2\/tags?post=24128"}],"curies":[{"name":"wp","href":"https:\/\/api.w.org\/{rel}","templated":true}]}}