{"id":24100,"date":"2026-01-06T18:04:53","date_gmt":"2026-01-06T18:04:53","guid":{"rendered":"https:\/\/tjerkstra.com\/wordpress\/?p=24100"},"modified":"2026-01-06T18:05:18","modified_gmt":"2026-01-06T18:05:18","slug":"nostalgyske-dream","status":"publish","type":"post","link":"https:\/\/tjerkstra.com\/wordpress\/lyrysk-deiboek\/nostalgyske-dream\/","title":{"rendered":"Nostalgyske dream"},"content":{"rendered":"\n<figure class=\"wp-block-image size-large is-style-default\"><img loading=\"lazy\" decoding=\"async\" width=\"600\" height=\"450\" src=\"https:\/\/tjerkstra.com\/wordpress\/wp-content\/uploads\/2026\/01\/P1100925-600x450.jpg\" alt=\"\" class=\"wp-image-24105\" srcset=\"https:\/\/tjerkstra.com\/wordpress\/wp-content\/uploads\/2026\/01\/P1100925-600x450.jpg 600w, https:\/\/tjerkstra.com\/wordpress\/wp-content\/uploads\/2026\/01\/P1100925-300x225.jpg 300w, https:\/\/tjerkstra.com\/wordpress\/wp-content\/uploads\/2026\/01\/P1100925-768x576.jpg 768w, https:\/\/tjerkstra.com\/wordpress\/wp-content\/uploads\/2026\/01\/P1100925-1536x1152.jpg 1536w, https:\/\/tjerkstra.com\/wordpress\/wp-content\/uploads\/2026\/01\/P1100925-2048x1536.jpg 2048w, https:\/\/tjerkstra.com\/wordpress\/wp-content\/uploads\/2026\/01\/P1100925-467x350.jpg 467w, https:\/\/tjerkstra.com\/wordpress\/wp-content\/uploads\/2026\/01\/P1100925-95x71.jpg 95w\" sizes=\"auto, (max-width: 600px) 100vw, 600px\" \/><\/figure>\n\n\n\n<p><br>Om de kop in wite sjaal,<br>de warings folop laden<br>mei wat levere it winterwaar,<br>sjoch myn ferline yn de r\u00east.<br><br>Mar it sprekt myn jongestaal,<br>\u2019t ferhaal fan yn de winter<br>sliepe \u00fbnder izer yn de durk,<br>bewekke troch de hege m\u00east.<br><br>Mei myn azem as in wolk<br>dy\u2019t snijde op \u2019e tekken<br>wylst ik op it iis te dreamen lei<br>oer waarme poeier yn de roef.<br><br>Miuwen fleagen oer de Kolk,<br>l\u00fbd kriezend fan de honger,<br>wylst myn azemwolk joech inkeld snie,<br>it waar wie foar de miuw te st\u00fbf.<br><br>Wekker skrok ik fan in l\u00fbd,<br>it hakjen fan de bile<br>op it iis, heit makke moarns in bit&#8230;<br>doe waard ik wekker \u00fat myn dream.<\/p>\n","protected":false},"excerpt":{"rendered":"<p>Om de kop in wite sjaal,de warings folop ladenmei wat levere it winterwaar,sjoch myn ferline yn de r\u00east. Mar it sprekt myn jongestaal,\u2019t ferhaal fan yn de wintersliepe \u00fbnder izer yn de durk,bewekke troch de hege m\u00east. Mei myn azem as in wolkdy\u2019t snijde op \u2019e tekkenwylst ik op it iis te dreamen leioer waarme [&hellip;]<\/p>\n","protected":false},"author":1,"featured_media":0,"comment_status":"closed","ping_status":"closed","sticky":false,"template":"","format":"standard","meta":{"footnotes":""},"categories":[3],"tags":[],"class_list":["post-24100","post","type-post","status-publish","format-standard","hentry","category-lyrysk-deiboek"],"_links":{"self":[{"href":"https:\/\/tjerkstra.com\/wordpress\/wp-json\/wp\/v2\/posts\/24100","targetHints":{"allow":["GET"]}}],"collection":[{"href":"https:\/\/tjerkstra.com\/wordpress\/wp-json\/wp\/v2\/posts"}],"about":[{"href":"https:\/\/tjerkstra.com\/wordpress\/wp-json\/wp\/v2\/types\/post"}],"author":[{"embeddable":true,"href":"https:\/\/tjerkstra.com\/wordpress\/wp-json\/wp\/v2\/users\/1"}],"replies":[{"embeddable":true,"href":"https:\/\/tjerkstra.com\/wordpress\/wp-json\/wp\/v2\/comments?post=24100"}],"version-history":[{"count":3,"href":"https:\/\/tjerkstra.com\/wordpress\/wp-json\/wp\/v2\/posts\/24100\/revisions"}],"predecessor-version":[{"id":24107,"href":"https:\/\/tjerkstra.com\/wordpress\/wp-json\/wp\/v2\/posts\/24100\/revisions\/24107"}],"wp:attachment":[{"href":"https:\/\/tjerkstra.com\/wordpress\/wp-json\/wp\/v2\/media?parent=24100"}],"wp:term":[{"taxonomy":"category","embeddable":true,"href":"https:\/\/tjerkstra.com\/wordpress\/wp-json\/wp\/v2\/categories?post=24100"},{"taxonomy":"post_tag","embeddable":true,"href":"https:\/\/tjerkstra.com\/wordpress\/wp-json\/wp\/v2\/tags?post=24100"}],"curies":[{"name":"wp","href":"https:\/\/api.w.org\/{rel}","templated":true}]}}