{"id":24057,"date":"2025-12-10T16:36:17","date_gmt":"2025-12-10T16:36:17","guid":{"rendered":"https:\/\/tjerkstra.com\/wordpress\/?p=24057"},"modified":"2025-12-10T16:36:17","modified_gmt":"2025-12-10T16:36:17","slug":"master-i-s","status":"publish","type":"post","link":"https:\/\/tjerkstra.com\/wordpress\/keunst\/master-i-s\/","title":{"rendered":"Master I.S."},"content":{"rendered":"\n<figure class=\"wp-block-image size-large is-style-default\"><img loading=\"lazy\" decoding=\"async\" width=\"462\" height=\"600\" src=\"https:\/\/tjerkstra.com\/wordpress\/wp-content\/uploads\/2025\/12\/Master-I.S.-1-462x600.jpg\" alt=\"\" class=\"wp-image-24059\" srcset=\"https:\/\/tjerkstra.com\/wordpress\/wp-content\/uploads\/2025\/12\/Master-I.S.-1-462x600.jpg 462w, https:\/\/tjerkstra.com\/wordpress\/wp-content\/uploads\/2025\/12\/Master-I.S.-1-231x300.jpg 231w, https:\/\/tjerkstra.com\/wordpress\/wp-content\/uploads\/2025\/12\/Master-I.S.-1-270x350.jpg 270w, https:\/\/tjerkstra.com\/wordpress\/wp-content\/uploads\/2025\/12\/Master-I.S.-1-55x71.jpg 55w, https:\/\/tjerkstra.com\/wordpress\/wp-content\/uploads\/2025\/12\/Master-I.S.-1.jpg 744w\" sizes=\"auto, (max-width: 462px) 100vw, 462px\" \/><\/figure>\n\n\n\n<p><em>fan \u00fbnbekend*<br><\/em><br>It soe in Rembrandt w\u00eaze kinne,<br>wr\u00e2ldferneamd de iuwen troch<br>mei portretten as identiteit,<br>syn selsportret sl\u00fat twivel \u00fat:<br>\u2018Ik bin de master, ik allinne!\u2019<br><br>Sjed\u00ear de hear dy\u2019t him net skamme<br>om te kommen op \u2019t portret<br>mei de noas as syn identiteit?<br>De skilder sl\u00fat him sa net \u00fat:<br>\u2018Hy komt by my op \u2019t doek, ferjamme!\u2019<br><br>Mar wa bisto behalve keunstner,<br>skilderjend yn Rembrandts styl?<br>Graach dyn namme as identiteit<br>of sl\u00fatst dysels it leafste \u00fat<br>as wiest in hillige&#8230; of meunster?<br><br>\u2018W\u00earom soe ik ien w\u00eaze moatte<br>dy\u2019t him achtet wr\u00e2ldferneamd?<br>As identiteit ha ik I.S.:<br><em>Ik Skilderje<\/em>, sl\u00fat my net \u00fat,<br>mar sa ha ik my wol \u00f4fkoarte.\u2019<br><br><em>* Skilderij \u2018Man mei in swolm op syn noas\u2019<br><\/em><br><br><\/p>\n","protected":false},"excerpt":{"rendered":"<p>fan \u00fbnbekend*It soe in Rembrandt w\u00eaze kinne,wr\u00e2ldferneamd de iuwen trochmei portretten as identiteit,syn selsportret sl\u00fat twivel \u00fat:\u2018Ik bin de master, ik allinne!\u2019 Sjed\u00ear de hear dy\u2019t him net skammeom te kommen op \u2019t portretmei de noas as syn identiteit?De skilder sl\u00fat him sa net \u00fat:\u2018Hy komt by my op \u2019t doek, ferjamme!\u2019 Mar wa bisto [&hellip;]<\/p>\n","protected":false},"author":1,"featured_media":0,"comment_status":"closed","ping_status":"closed","sticky":false,"template":"","format":"standard","meta":{"footnotes":""},"categories":[6],"tags":[],"class_list":["post-24057","post","type-post","status-publish","format-standard","hentry","category-keunst"],"_links":{"self":[{"href":"https:\/\/tjerkstra.com\/wordpress\/wp-json\/wp\/v2\/posts\/24057","targetHints":{"allow":["GET"]}}],"collection":[{"href":"https:\/\/tjerkstra.com\/wordpress\/wp-json\/wp\/v2\/posts"}],"about":[{"href":"https:\/\/tjerkstra.com\/wordpress\/wp-json\/wp\/v2\/types\/post"}],"author":[{"embeddable":true,"href":"https:\/\/tjerkstra.com\/wordpress\/wp-json\/wp\/v2\/users\/1"}],"replies":[{"embeddable":true,"href":"https:\/\/tjerkstra.com\/wordpress\/wp-json\/wp\/v2\/comments?post=24057"}],"version-history":[{"count":2,"href":"https:\/\/tjerkstra.com\/wordpress\/wp-json\/wp\/v2\/posts\/24057\/revisions"}],"predecessor-version":[{"id":24060,"href":"https:\/\/tjerkstra.com\/wordpress\/wp-json\/wp\/v2\/posts\/24057\/revisions\/24060"}],"wp:attachment":[{"href":"https:\/\/tjerkstra.com\/wordpress\/wp-json\/wp\/v2\/media?parent=24057"}],"wp:term":[{"taxonomy":"category","embeddable":true,"href":"https:\/\/tjerkstra.com\/wordpress\/wp-json\/wp\/v2\/categories?post=24057"},{"taxonomy":"post_tag","embeddable":true,"href":"https:\/\/tjerkstra.com\/wordpress\/wp-json\/wp\/v2\/tags?post=24057"}],"curies":[{"name":"wp","href":"https:\/\/api.w.org\/{rel}","templated":true}]}}