{"id":23988,"date":"2025-10-21T15:23:25","date_gmt":"2025-10-21T15:23:25","guid":{"rendered":"https:\/\/tjerkstra.com\/wordpress\/?p=23988"},"modified":"2025-10-21T15:23:25","modified_gmt":"2025-10-21T15:23:25","slug":"europa-2","status":"publish","type":"post","link":"https:\/\/tjerkstra.com\/wordpress\/polityk\/europa-2\/","title":{"rendered":"Europa"},"content":{"rendered":"\n<figure class=\"wp-block-image size-large is-style-default\"><img loading=\"lazy\" decoding=\"async\" width=\"600\" height=\"450\" src=\"https:\/\/tjerkstra.com\/wordpress\/wp-content\/uploads\/2025\/10\/P1100887-600x450.jpg\" alt=\"\" class=\"wp-image-23990\" srcset=\"https:\/\/tjerkstra.com\/wordpress\/wp-content\/uploads\/2025\/10\/P1100887-600x450.jpg 600w, https:\/\/tjerkstra.com\/wordpress\/wp-content\/uploads\/2025\/10\/P1100887-300x225.jpg 300w, https:\/\/tjerkstra.com\/wordpress\/wp-content\/uploads\/2025\/10\/P1100887-768x576.jpg 768w, https:\/\/tjerkstra.com\/wordpress\/wp-content\/uploads\/2025\/10\/P1100887-1536x1152.jpg 1536w, https:\/\/tjerkstra.com\/wordpress\/wp-content\/uploads\/2025\/10\/P1100887-2048x1536.jpg 2048w, https:\/\/tjerkstra.com\/wordpress\/wp-content\/uploads\/2025\/10\/P1100887-467x350.jpg 467w, https:\/\/tjerkstra.com\/wordpress\/wp-content\/uploads\/2025\/10\/P1100887-95x71.jpg 95w\" sizes=\"auto, (max-width: 600px) 100vw, 600px\" \/><\/figure>\n\n\n\n<p><br>Bliuw net tusken w\u00e2len lizzen,<br>machten tsjuster as de nacht,<br>de iene heech wat lijte joech,<br>mar wyn en skom net langer keart,<br>de oare bearend yn de fierte.<br><br>Wat hast sels dan noch te sizzen<br>oars as flaaikjend om in wurd<br>dat \u00fatstekt boppe eigen kr\u00eaft<br>of roppend nei de fierte dat<br>dyn kr\u00eaften soks net sitte litte.<br><br>Far dan \u00fat \u2019e f\u00easte haven<br>dy\u2019t gjin hege weagen keart<br>en syl op eigen kr\u00eaft de mar<br>op nei de kym mei \u00fatsicht op<br>it ljocht, de frijheid yn de mjitte.<\/p>\n","protected":false},"excerpt":{"rendered":"<p>Bliuw net tusken w\u00e2len lizzen,machten tsjuster as de nacht,de iene heech wat lijte joech,mar wyn en skom net langer keart,de oare bearend yn de fierte. Wat hast sels dan noch te sizzenoars as flaaikjend om in wurddat \u00fatstekt boppe eigen kr\u00eaftof roppend nei de fierte datdyn kr\u00eaften soks net sitte litte. Far dan \u00fat \u2019e [&hellip;]<\/p>\n","protected":false},"author":1,"featured_media":0,"comment_status":"closed","ping_status":"closed","sticky":false,"template":"","format":"standard","meta":{"footnotes":""},"categories":[7],"tags":[],"class_list":["post-23988","post","type-post","status-publish","format-standard","hentry","category-polityk"],"_links":{"self":[{"href":"https:\/\/tjerkstra.com\/wordpress\/wp-json\/wp\/v2\/posts\/23988","targetHints":{"allow":["GET"]}}],"collection":[{"href":"https:\/\/tjerkstra.com\/wordpress\/wp-json\/wp\/v2\/posts"}],"about":[{"href":"https:\/\/tjerkstra.com\/wordpress\/wp-json\/wp\/v2\/types\/post"}],"author":[{"embeddable":true,"href":"https:\/\/tjerkstra.com\/wordpress\/wp-json\/wp\/v2\/users\/1"}],"replies":[{"embeddable":true,"href":"https:\/\/tjerkstra.com\/wordpress\/wp-json\/wp\/v2\/comments?post=23988"}],"version-history":[{"count":2,"href":"https:\/\/tjerkstra.com\/wordpress\/wp-json\/wp\/v2\/posts\/23988\/revisions"}],"predecessor-version":[{"id":23991,"href":"https:\/\/tjerkstra.com\/wordpress\/wp-json\/wp\/v2\/posts\/23988\/revisions\/23991"}],"wp:attachment":[{"href":"https:\/\/tjerkstra.com\/wordpress\/wp-json\/wp\/v2\/media?parent=23988"}],"wp:term":[{"taxonomy":"category","embeddable":true,"href":"https:\/\/tjerkstra.com\/wordpress\/wp-json\/wp\/v2\/categories?post=23988"},{"taxonomy":"post_tag","embeddable":true,"href":"https:\/\/tjerkstra.com\/wordpress\/wp-json\/wp\/v2\/tags?post=23988"}],"curies":[{"name":"wp","href":"https:\/\/api.w.org\/{rel}","templated":true}]}}