{"id":23984,"date":"2025-10-19T16:47:21","date_gmt":"2025-10-19T16:47:21","guid":{"rendered":"https:\/\/tjerkstra.com\/wordpress\/?p=23984"},"modified":"2025-10-19T16:47:21","modified_gmt":"2025-10-19T16:47:21","slug":"frije-smaragdgurle","status":"publish","type":"post","link":"https:\/\/tjerkstra.com\/wordpress\/skiednisbylden\/frije-smaragdgurle\/","title":{"rendered":"Frije smaragdgurle"},"content":{"rendered":"\n<figure class=\"wp-block-image size-large is-style-default\"><img loading=\"lazy\" decoding=\"async\" width=\"600\" height=\"272\" src=\"https:\/\/tjerkstra.com\/wordpress\/wp-content\/uploads\/2025\/10\/Smaragdgordel-600x272.jpg\" alt=\"\" class=\"wp-image-23986\" srcset=\"https:\/\/tjerkstra.com\/wordpress\/wp-content\/uploads\/2025\/10\/Smaragdgordel-600x272.jpg 600w, https:\/\/tjerkstra.com\/wordpress\/wp-content\/uploads\/2025\/10\/Smaragdgordel-300x136.jpg 300w, https:\/\/tjerkstra.com\/wordpress\/wp-content\/uploads\/2025\/10\/Smaragdgordel-768x348.jpg 768w, https:\/\/tjerkstra.com\/wordpress\/wp-content\/uploads\/2025\/10\/Smaragdgordel-1536x695.jpg 1536w, https:\/\/tjerkstra.com\/wordpress\/wp-content\/uploads\/2025\/10\/Smaragdgordel-590x267.jpg 590w, https:\/\/tjerkstra.com\/wordpress\/wp-content\/uploads\/2025\/10\/Smaragdgordel-102x46.jpg 102w, https:\/\/tjerkstra.com\/wordpress\/wp-content\/uploads\/2025\/10\/Smaragdgordel.jpg 2000w\" sizes=\"auto, (max-width: 600px) 100vw, 600px\" \/><\/figure>\n\n\n\n<p><em>fan \u00fbnbekend*<br><\/em><br>Wat diene wy as blanken<br>yn de gurle fan smaragd,<br>\u00fas koloanje Yndi\u00eb,<br>dy\u2019t earlik hearde by de naasje<br>mei de dunen, blank de top,<br>de naasje mei de heechste macht.<br><br>Wy kamen om te stellen<br>speserijen foar \u00fas miel,<br>smoarryk waard \u00fas eigen ryk,<br>dat earlik wier de wrotters smoarde,<br>neat woech tsjin de blanken op,<br>sy griepen lytsen by de kiel.<br><br>Wat diene wy as grutten<br>mei de gurle fan smaragd<br>doe\u2019t de rop fan frijheid klonk?<br>De ealstien waard in nije naasje,<br>wylst it d\u00fan ferlear syn top<br>nei iuwenlang nei goud op jacht.<br><br><em>* Foto \u2018Grien Yndonesi\u00eb\u2019<\/em><\/p>\n","protected":false},"excerpt":{"rendered":"<p>fan \u00fbnbekend*Wat diene wy as blankenyn de gurle fan smaragd,\u00fas koloanje Yndi\u00eb,dy\u2019t earlik hearde by de naasjemei de dunen, blank de top,de naasje mei de heechste macht. Wy kamen om te stellenspeserijen foar \u00fas miel,smoarryk waard \u00fas eigen ryk,dat earlik wier de wrotters smoarde,neat woech tsjin de blanken op,sy griepen lytsen by de kiel. Wat [&hellip;]<\/p>\n","protected":false},"author":1,"featured_media":0,"comment_status":"closed","ping_status":"closed","sticky":false,"template":"","format":"standard","meta":{"footnotes":""},"categories":[9],"tags":[],"class_list":["post-23984","post","type-post","status-publish","format-standard","hentry","category-skiednisbylden"],"_links":{"self":[{"href":"https:\/\/tjerkstra.com\/wordpress\/wp-json\/wp\/v2\/posts\/23984","targetHints":{"allow":["GET"]}}],"collection":[{"href":"https:\/\/tjerkstra.com\/wordpress\/wp-json\/wp\/v2\/posts"}],"about":[{"href":"https:\/\/tjerkstra.com\/wordpress\/wp-json\/wp\/v2\/types\/post"}],"author":[{"embeddable":true,"href":"https:\/\/tjerkstra.com\/wordpress\/wp-json\/wp\/v2\/users\/1"}],"replies":[{"embeddable":true,"href":"https:\/\/tjerkstra.com\/wordpress\/wp-json\/wp\/v2\/comments?post=23984"}],"version-history":[{"count":2,"href":"https:\/\/tjerkstra.com\/wordpress\/wp-json\/wp\/v2\/posts\/23984\/revisions"}],"predecessor-version":[{"id":23987,"href":"https:\/\/tjerkstra.com\/wordpress\/wp-json\/wp\/v2\/posts\/23984\/revisions\/23987"}],"wp:attachment":[{"href":"https:\/\/tjerkstra.com\/wordpress\/wp-json\/wp\/v2\/media?parent=23984"}],"wp:term":[{"taxonomy":"category","embeddable":true,"href":"https:\/\/tjerkstra.com\/wordpress\/wp-json\/wp\/v2\/categories?post=23984"},{"taxonomy":"post_tag","embeddable":true,"href":"https:\/\/tjerkstra.com\/wordpress\/wp-json\/wp\/v2\/tags?post=23984"}],"curies":[{"name":"wp","href":"https:\/\/api.w.org\/{rel}","templated":true}]}}