{"id":23975,"date":"2025-10-09T16:58:53","date_gmt":"2025-10-09T16:58:53","guid":{"rendered":"https:\/\/tjerkstra.com\/wordpress\/?p=23975"},"modified":"2025-10-09T16:58:53","modified_gmt":"2025-10-09T16:58:53","slug":"bluodderich-fersin","status":"publish","type":"post","link":"https:\/\/tjerkstra.com\/wordpress\/polityk\/bluodderich-fersin\/","title":{"rendered":"Bluodderich fersin"},"content":{"rendered":"\n<figure class=\"wp-block-image size-large is-style-default\"><img loading=\"lazy\" decoding=\"async\" width=\"600\" height=\"450\" src=\"https:\/\/tjerkstra.com\/wordpress\/wp-content\/uploads\/2025\/10\/P1100846-1-600x450.jpg\" alt=\"\" class=\"wp-image-23977\" srcset=\"https:\/\/tjerkstra.com\/wordpress\/wp-content\/uploads\/2025\/10\/P1100846-1-600x450.jpg 600w, https:\/\/tjerkstra.com\/wordpress\/wp-content\/uploads\/2025\/10\/P1100846-1-300x225.jpg 300w, https:\/\/tjerkstra.com\/wordpress\/wp-content\/uploads\/2025\/10\/P1100846-1-768x576.jpg 768w, https:\/\/tjerkstra.com\/wordpress\/wp-content\/uploads\/2025\/10\/P1100846-1-1536x1152.jpg 1536w, https:\/\/tjerkstra.com\/wordpress\/wp-content\/uploads\/2025\/10\/P1100846-1-2048x1536.jpg 2048w, https:\/\/tjerkstra.com\/wordpress\/wp-content\/uploads\/2025\/10\/P1100846-1-467x350.jpg 467w, https:\/\/tjerkstra.com\/wordpress\/wp-content\/uploads\/2025\/10\/P1100846-1-95x71.jpg 95w\" sizes=\"auto, (max-width: 600px) 100vw, 600px\" \/><\/figure>\n\n\n\n<p><br>Fersin dy net,<br>want wyld groeit hy derhinne,<br>wiist dy wilens op dyn rjocht<br>datst fan syn fruchten ite meist,<br>mei him is noch in wr\u00e2ld te winnen.<br><br>Fersin dy net,<br>fjoerread binne de bl\u00eaden<br>dy\u2019t men oansjocht foar syn keunst<br>om earst it eigen folk te jaan,<br>d\u00earmei de hiele wr\u00e2ld te r\u00eaden.<br><br>Fersin dy net,<br>flymskerp binne de toarnen<br>foar it folk dat hy besjocht<br>as pl\u00f4kers fan syn eigen folk,<br>fiktoarje kraait syn pronkske hoanne.<br><br>Fersin dy net,<br>hy is net \u00fat te r\u00fbgjen,<br>altyd stekt er op de kop:<br>narsist en boppedat rasist,<br>syn toarnen kinne \u2019t bloed wol s\u00fbgje.<br><br><br><br><br><br><\/p>\n","protected":false},"excerpt":{"rendered":"<p>Fersin dy net,want wyld groeit hy derhinne,wiist dy wilens op dyn rjochtdatst fan syn fruchten ite meist,mei him is noch in wr\u00e2ld te winnen. Fersin dy net,fjoerread binne de bl\u00eadendy\u2019t men oansjocht foar syn keunstom earst it eigen folk te jaan,d\u00earmei de hiele wr\u00e2ld te r\u00eaden. Fersin dy net,flymskerp binne de toarnenfoar it folk dat [&hellip;]<\/p>\n","protected":false},"author":1,"featured_media":0,"comment_status":"closed","ping_status":"closed","sticky":false,"template":"","format":"standard","meta":{"footnotes":""},"categories":[7],"tags":[],"class_list":["post-23975","post","type-post","status-publish","format-standard","hentry","category-polityk"],"_links":{"self":[{"href":"https:\/\/tjerkstra.com\/wordpress\/wp-json\/wp\/v2\/posts\/23975","targetHints":{"allow":["GET"]}}],"collection":[{"href":"https:\/\/tjerkstra.com\/wordpress\/wp-json\/wp\/v2\/posts"}],"about":[{"href":"https:\/\/tjerkstra.com\/wordpress\/wp-json\/wp\/v2\/types\/post"}],"author":[{"embeddable":true,"href":"https:\/\/tjerkstra.com\/wordpress\/wp-json\/wp\/v2\/users\/1"}],"replies":[{"embeddable":true,"href":"https:\/\/tjerkstra.com\/wordpress\/wp-json\/wp\/v2\/comments?post=23975"}],"version-history":[{"count":2,"href":"https:\/\/tjerkstra.com\/wordpress\/wp-json\/wp\/v2\/posts\/23975\/revisions"}],"predecessor-version":[{"id":23978,"href":"https:\/\/tjerkstra.com\/wordpress\/wp-json\/wp\/v2\/posts\/23975\/revisions\/23978"}],"wp:attachment":[{"href":"https:\/\/tjerkstra.com\/wordpress\/wp-json\/wp\/v2\/media?parent=23975"}],"wp:term":[{"taxonomy":"category","embeddable":true,"href":"https:\/\/tjerkstra.com\/wordpress\/wp-json\/wp\/v2\/categories?post=23975"},{"taxonomy":"post_tag","embeddable":true,"href":"https:\/\/tjerkstra.com\/wordpress\/wp-json\/wp\/v2\/tags?post=23975"}],"curies":[{"name":"wp","href":"https:\/\/api.w.org\/{rel}","templated":true}]}}