{"id":23942,"date":"2025-09-10T16:53:00","date_gmt":"2025-09-10T16:53:00","guid":{"rendered":"https:\/\/tjerkstra.com\/wordpress\/?p=23942"},"modified":"2025-09-10T16:53:00","modified_gmt":"2025-09-10T16:53:00","slug":"yn-it-spoar-fan","status":"publish","type":"post","link":"https:\/\/tjerkstra.com\/wordpress\/keunst\/yn-it-spoar-fan\/","title":{"rendered":"Yn it spoar fan&#8230;"},"content":{"rendered":"\n<figure class=\"wp-block-image size-large is-style-default\"><img loading=\"lazy\" decoding=\"async\" width=\"425\" height=\"600\" src=\"https:\/\/tjerkstra.com\/wordpress\/wp-content\/uploads\/2025\/09\/IMG_20250910_0003-425x600.jpg\" alt=\"\" class=\"wp-image-23944\" srcset=\"https:\/\/tjerkstra.com\/wordpress\/wp-content\/uploads\/2025\/09\/IMG_20250910_0003-425x600.jpg 425w, https:\/\/tjerkstra.com\/wordpress\/wp-content\/uploads\/2025\/09\/IMG_20250910_0003-212x300.jpg 212w, https:\/\/tjerkstra.com\/wordpress\/wp-content\/uploads\/2025\/09\/IMG_20250910_0003-768x1084.jpg 768w, https:\/\/tjerkstra.com\/wordpress\/wp-content\/uploads\/2025\/09\/IMG_20250910_0003-1088x1536.jpg 1088w, https:\/\/tjerkstra.com\/wordpress\/wp-content\/uploads\/2025\/09\/IMG_20250910_0003-248x350.jpg 248w, https:\/\/tjerkstra.com\/wordpress\/wp-content\/uploads\/2025\/09\/IMG_20250910_0003-50x71.jpg 50w, https:\/\/tjerkstra.com\/wordpress\/wp-content\/uploads\/2025\/09\/IMG_20250910_0003.jpg 1272w\" sizes=\"auto, (max-width: 425px) 100vw, 425px\" \/><\/figure>\n\n\n\n<p><em>fan Francisco de Goya*<br><\/em><br>Sy wie noch jong, har r\u00each wie rjocht<br>om oeral sjen te litten<br>dat har stal der w\u00eaze mocht.<br><br>Sy wie al \u00e2ld, har r\u00each wie krom<br>fan wat de jierren brochten,<br>mar wat joech in oar d\u00earom?<br><br>Har st\u00f4k wie rjocht, sy folge \u2019t spoar<br>fan har bedoarne dochter,<br>dy\u2019t oan mem joech gjin gehoar.<br><br>Sy koe net mear, wie dea-oanein<br>en stoar, wie gau fergetten,<br>oer har mem waard neat mear sein.<br><br>It wie har mem, de st\u00f4k bleau oer<br>om oan har nei te litten,<br>\u2019t wie har lot ek op \u2019en doer.<br><br><em>* Francisco de Goya (1746-1828)<br>Yllustraasje \u2018Mei God har ferjaan, it wie har mem\u2019<br>Print 16 \u00fat \u2019e searje \u2018Los Caprichos\u2019<br><\/em><br><br><br><\/p>\n","protected":false},"excerpt":{"rendered":"<p>fan Francisco de Goya*Sy wie noch jong, har r\u00each wie rjochtom oeral sjen te littendat har stal der w\u00eaze mocht. Sy wie al \u00e2ld, har r\u00each wie kromfan wat de jierren brochten,mar wat joech in oar d\u00earom? Har st\u00f4k wie rjocht, sy folge \u2019t spoarfan har bedoarne dochter,dy\u2019t oan mem joech gjin gehoar. Sy koe [&hellip;]<\/p>\n","protected":false},"author":1,"featured_media":0,"comment_status":"closed","ping_status":"closed","sticky":false,"template":"","format":"standard","meta":{"footnotes":""},"categories":[6],"tags":[],"class_list":["post-23942","post","type-post","status-publish","format-standard","hentry","category-keunst"],"_links":{"self":[{"href":"https:\/\/tjerkstra.com\/wordpress\/wp-json\/wp\/v2\/posts\/23942","targetHints":{"allow":["GET"]}}],"collection":[{"href":"https:\/\/tjerkstra.com\/wordpress\/wp-json\/wp\/v2\/posts"}],"about":[{"href":"https:\/\/tjerkstra.com\/wordpress\/wp-json\/wp\/v2\/types\/post"}],"author":[{"embeddable":true,"href":"https:\/\/tjerkstra.com\/wordpress\/wp-json\/wp\/v2\/users\/1"}],"replies":[{"embeddable":true,"href":"https:\/\/tjerkstra.com\/wordpress\/wp-json\/wp\/v2\/comments?post=23942"}],"version-history":[{"count":2,"href":"https:\/\/tjerkstra.com\/wordpress\/wp-json\/wp\/v2\/posts\/23942\/revisions"}],"predecessor-version":[{"id":23945,"href":"https:\/\/tjerkstra.com\/wordpress\/wp-json\/wp\/v2\/posts\/23942\/revisions\/23945"}],"wp:attachment":[{"href":"https:\/\/tjerkstra.com\/wordpress\/wp-json\/wp\/v2\/media?parent=23942"}],"wp:term":[{"taxonomy":"category","embeddable":true,"href":"https:\/\/tjerkstra.com\/wordpress\/wp-json\/wp\/v2\/categories?post=23942"},{"taxonomy":"post_tag","embeddable":true,"href":"https:\/\/tjerkstra.com\/wordpress\/wp-json\/wp\/v2\/tags?post=23942"}],"curies":[{"name":"wp","href":"https:\/\/api.w.org\/{rel}","templated":true}]}}