{"id":23937,"date":"2025-09-04T15:40:00","date_gmt":"2025-09-04T15:40:00","guid":{"rendered":"https:\/\/tjerkstra.com\/wordpress\/?p=23937"},"modified":"2025-09-04T15:40:00","modified_gmt":"2025-09-04T15:40:00","slug":"fredesblom","status":"publish","type":"post","link":"https:\/\/tjerkstra.com\/wordpress\/lyrysk-deiboek\/fredesblom\/","title":{"rendered":"Fredesblom"},"content":{"rendered":"\n<figure class=\"wp-block-image size-large is-style-default\"><img loading=\"lazy\" decoding=\"async\" width=\"600\" height=\"450\" src=\"https:\/\/tjerkstra.com\/wordpress\/wp-content\/uploads\/2025\/09\/P1100808-600x450.jpg\" alt=\"\" class=\"wp-image-23939\" srcset=\"https:\/\/tjerkstra.com\/wordpress\/wp-content\/uploads\/2025\/09\/P1100808-600x450.jpg 600w, https:\/\/tjerkstra.com\/wordpress\/wp-content\/uploads\/2025\/09\/P1100808-300x225.jpg 300w, https:\/\/tjerkstra.com\/wordpress\/wp-content\/uploads\/2025\/09\/P1100808-768x576.jpg 768w, https:\/\/tjerkstra.com\/wordpress\/wp-content\/uploads\/2025\/09\/P1100808-1536x1152.jpg 1536w, https:\/\/tjerkstra.com\/wordpress\/wp-content\/uploads\/2025\/09\/P1100808-2048x1536.jpg 2048w, https:\/\/tjerkstra.com\/wordpress\/wp-content\/uploads\/2025\/09\/P1100808-467x350.jpg 467w, https:\/\/tjerkstra.com\/wordpress\/wp-content\/uploads\/2025\/09\/P1100808-95x71.jpg 95w\" sizes=\"auto, (max-width: 600px) 100vw, 600px\" \/><\/figure>\n\n\n\n<p><br>Ien blom kin wol fertelle<br>dat er mei de sinne draait<br>om folop strielen op te heinen,<br>strieljend jout er \u2019t ljocht werom,<br>dat is de sinneblom.<br><br>De Oekraynske fjilden<br>tilden op fan gl\u00e2nzjend giel<br>om oer de frede te fertellen&#8230;<br>wannear komt dy tiid werom<br>yn plak fan bom nei bom?<br><br>Ien bom kin wol berikke<br>dat er grinzen fier ferleit<br>om sa it Kremlin f\u00fbl te reitsjen&#8230;<br>nea komt dy tiran werom,<br>syn ein is s\u00fbnder rom.<br><br>Lit dan de sinneblommen<br>op de Oekraynske gr\u00fbn<br>har draaie nei de sinnestrielen,<br>l\u00fbd j\u00fbchheit de giele blom:\u00a0<br>\u2018De frede is werom.\u2019<br><br><br><\/p>\n","protected":false},"excerpt":{"rendered":"<p>Ien blom kin wol fertelledat er mei de sinne draaitom folop strielen op te heinen,strieljend jout er \u2019t ljocht werom,dat is de sinneblom. De Oekraynske fjildentilden op fan gl\u00e2nzjend gielom oer de frede te fertellen&#8230;wannear komt dy tiid weromyn plak fan bom nei bom? Ien bom kin wol berikkedat er grinzen fier ferleitom sa it [&hellip;]<\/p>\n","protected":false},"author":1,"featured_media":0,"comment_status":"closed","ping_status":"closed","sticky":false,"template":"","format":"standard","meta":{"footnotes":""},"categories":[3],"tags":[],"class_list":["post-23937","post","type-post","status-publish","format-standard","hentry","category-lyrysk-deiboek"],"_links":{"self":[{"href":"https:\/\/tjerkstra.com\/wordpress\/wp-json\/wp\/v2\/posts\/23937","targetHints":{"allow":["GET"]}}],"collection":[{"href":"https:\/\/tjerkstra.com\/wordpress\/wp-json\/wp\/v2\/posts"}],"about":[{"href":"https:\/\/tjerkstra.com\/wordpress\/wp-json\/wp\/v2\/types\/post"}],"author":[{"embeddable":true,"href":"https:\/\/tjerkstra.com\/wordpress\/wp-json\/wp\/v2\/users\/1"}],"replies":[{"embeddable":true,"href":"https:\/\/tjerkstra.com\/wordpress\/wp-json\/wp\/v2\/comments?post=23937"}],"version-history":[{"count":2,"href":"https:\/\/tjerkstra.com\/wordpress\/wp-json\/wp\/v2\/posts\/23937\/revisions"}],"predecessor-version":[{"id":23940,"href":"https:\/\/tjerkstra.com\/wordpress\/wp-json\/wp\/v2\/posts\/23937\/revisions\/23940"}],"wp:attachment":[{"href":"https:\/\/tjerkstra.com\/wordpress\/wp-json\/wp\/v2\/media?parent=23937"}],"wp:term":[{"taxonomy":"category","embeddable":true,"href":"https:\/\/tjerkstra.com\/wordpress\/wp-json\/wp\/v2\/categories?post=23937"},{"taxonomy":"post_tag","embeddable":true,"href":"https:\/\/tjerkstra.com\/wordpress\/wp-json\/wp\/v2\/tags?post=23937"}],"curies":[{"name":"wp","href":"https:\/\/api.w.org\/{rel}","templated":true}]}}