{"id":23778,"date":"2025-05-27T17:48:01","date_gmt":"2025-05-27T17:48:01","guid":{"rendered":"https:\/\/tjerkstra.com\/wordpress\/?p=23778"},"modified":"2025-05-27T17:48:01","modified_gmt":"2025-05-27T17:48:01","slug":"klimaatomslach","status":"publish","type":"post","link":"https:\/\/tjerkstra.com\/wordpress\/lyrysk-deiboek\/klimaatomslach\/","title":{"rendered":"Klimaatomslach"},"content":{"rendered":"\n<figure class=\"wp-block-image size-large is-style-default\"><img loading=\"lazy\" decoding=\"async\" width=\"600\" height=\"450\" src=\"https:\/\/tjerkstra.com\/wordpress\/wp-content\/uploads\/2025\/05\/P1100745-600x450.jpg\" alt=\"\" class=\"wp-image-23780\" srcset=\"https:\/\/tjerkstra.com\/wordpress\/wp-content\/uploads\/2025\/05\/P1100745-600x450.jpg 600w, https:\/\/tjerkstra.com\/wordpress\/wp-content\/uploads\/2025\/05\/P1100745-300x225.jpg 300w, https:\/\/tjerkstra.com\/wordpress\/wp-content\/uploads\/2025\/05\/P1100745-768x576.jpg 768w, https:\/\/tjerkstra.com\/wordpress\/wp-content\/uploads\/2025\/05\/P1100745-1536x1152.jpg 1536w, https:\/\/tjerkstra.com\/wordpress\/wp-content\/uploads\/2025\/05\/P1100745-2048x1536.jpg 2048w, https:\/\/tjerkstra.com\/wordpress\/wp-content\/uploads\/2025\/05\/P1100745-467x350.jpg 467w, https:\/\/tjerkstra.com\/wordpress\/wp-content\/uploads\/2025\/05\/P1100745-95x71.jpg 95w\" sizes=\"auto, (max-width: 600px) 100vw, 600px\" \/><\/figure>\n\n\n\n<p><br>Lit \u00fas oer \u2019t klimaat net swije,<br>stek de kop net yn de gr\u00fbn,<br>wat mei de dr\u00fbchte grif net slagget,<br>oeral is \u2019t alarm al j\u00fbn.<br><br>Dr\u00fbchte lit it minskdom lije,<br>stof stoot twirjend yn it r\u00fbn<br>as miny-k\u00fbgels dy\u2019t fermoardzje,<br>honger hat de oarloch w\u00fbn.<br><br>Lit \u00fas d\u00earom protestearje<br>tsjin wa\u2019t it klimaat \u00fbntkent<br>fan skroeiend fjoer oer dr\u00fbge ierde,<br>dy\u2019t net langer d\u00earoan went.<br><br>Boppe greiden alarmearje<br>wolken oer de grauwe trend<br>fan stikstof om yn stof te stikken,<br>alles is al lang bekend.<br><br>Mar fernim de earste drippen,<br>nei de dr\u00fbchte komt de rein,<br>geweld sil net it doel berikke,<br>wa\u2019t de macht hat wurdt ferslein.<br><br>\u00a0<br><br><br><\/p>\n","protected":false},"excerpt":{"rendered":"<p>Lit \u00fas oer \u2019t klimaat net swije,stek de kop net yn de gr\u00fbn,wat mei de dr\u00fbchte grif net slagget,oeral is \u2019t alarm al j\u00fbn. Dr\u00fbchte lit it minskdom lije,stof stoot twirjend yn it r\u00fbnas miny-k\u00fbgels dy\u2019t fermoardzje,honger hat de oarloch w\u00fbn. Lit \u00fas d\u00earom protestearjetsjin wa\u2019t it klimaat \u00fbntkentfan skroeiend fjoer oer dr\u00fbge ierde,dy\u2019t net [&hellip;]<\/p>\n","protected":false},"author":1,"featured_media":0,"comment_status":"closed","ping_status":"closed","sticky":false,"template":"","format":"standard","meta":{"footnotes":""},"categories":[3],"tags":[],"class_list":["post-23778","post","type-post","status-publish","format-standard","hentry","category-lyrysk-deiboek"],"_links":{"self":[{"href":"https:\/\/tjerkstra.com\/wordpress\/wp-json\/wp\/v2\/posts\/23778","targetHints":{"allow":["GET"]}}],"collection":[{"href":"https:\/\/tjerkstra.com\/wordpress\/wp-json\/wp\/v2\/posts"}],"about":[{"href":"https:\/\/tjerkstra.com\/wordpress\/wp-json\/wp\/v2\/types\/post"}],"author":[{"embeddable":true,"href":"https:\/\/tjerkstra.com\/wordpress\/wp-json\/wp\/v2\/users\/1"}],"replies":[{"embeddable":true,"href":"https:\/\/tjerkstra.com\/wordpress\/wp-json\/wp\/v2\/comments?post=23778"}],"version-history":[{"count":2,"href":"https:\/\/tjerkstra.com\/wordpress\/wp-json\/wp\/v2\/posts\/23778\/revisions"}],"predecessor-version":[{"id":23781,"href":"https:\/\/tjerkstra.com\/wordpress\/wp-json\/wp\/v2\/posts\/23778\/revisions\/23781"}],"wp:attachment":[{"href":"https:\/\/tjerkstra.com\/wordpress\/wp-json\/wp\/v2\/media?parent=23778"}],"wp:term":[{"taxonomy":"category","embeddable":true,"href":"https:\/\/tjerkstra.com\/wordpress\/wp-json\/wp\/v2\/categories?post=23778"},{"taxonomy":"post_tag","embeddable":true,"href":"https:\/\/tjerkstra.com\/wordpress\/wp-json\/wp\/v2\/tags?post=23778"}],"curies":[{"name":"wp","href":"https:\/\/api.w.org\/{rel}","templated":true}]}}