{"id":23769,"date":"2025-05-22T15:51:29","date_gmt":"2025-05-22T15:51:29","guid":{"rendered":"https:\/\/tjerkstra.com\/wordpress\/?p=23769"},"modified":"2025-05-22T15:51:29","modified_gmt":"2025-05-22T15:51:29","slug":"read-ideaal","status":"publish","type":"post","link":"https:\/\/tjerkstra.com\/wordpress\/keunst\/read-ideaal\/","title":{"rendered":"Read ideaal"},"content":{"rendered":"\n<figure class=\"wp-block-image size-large is-style-default\"><img loading=\"lazy\" decoding=\"async\" width=\"600\" height=\"318\" src=\"https:\/\/tjerkstra.com\/wordpress\/wp-content\/uploads\/2025\/05\/Korzjev-600x318.jpg\" alt=\"\" class=\"wp-image-23771\" srcset=\"https:\/\/tjerkstra.com\/wordpress\/wp-content\/uploads\/2025\/05\/Korzjev-600x318.jpg 600w, https:\/\/tjerkstra.com\/wordpress\/wp-content\/uploads\/2025\/05\/Korzjev-300x159.jpg 300w, https:\/\/tjerkstra.com\/wordpress\/wp-content\/uploads\/2025\/05\/Korzjev-768x408.jpg 768w, https:\/\/tjerkstra.com\/wordpress\/wp-content\/uploads\/2025\/05\/Korzjev-1536x815.jpg 1536w, https:\/\/tjerkstra.com\/wordpress\/wp-content\/uploads\/2025\/05\/Korzjev-590x313.jpg 590w, https:\/\/tjerkstra.com\/wordpress\/wp-content\/uploads\/2025\/05\/Korzjev-102x54.jpg 102w, https:\/\/tjerkstra.com\/wordpress\/wp-content\/uploads\/2025\/05\/Korzjev.jpg 1666w\" sizes=\"auto, (max-width: 600px) 100vw, 600px\" \/><\/figure>\n\n\n\n<p><em>fan Gelij Michajlovitsj Korzjev*<br><\/em><br>Hy leaude f\u00east yn \u2019t ideaal<br>dat r\u00fbnom wappere yn \u2019t read<br>fan deagewoane minsken<br>dy\u2019t wrotten foar it deistich brea&#8230;<br>hy die grimmitich syn ferhaal:<br><br>\u2018Wy r\u00fbnen oer it grize plein<br>fan r\u00fbnom noch de \u00e2lde macht,<br>it wie \u00fas demonstraasje<br>fan hjoed sil \u2019t w\u00eaze, no of nea,<br>d\u00ear wie it lykwols net mei sein,<br>want ek it findel dat ik droech,<br>joech oan \u00fas striid foar \u2019t ideaal<br>dat deagewoane minsken<br>rjocht hiene op mear as de lea<br>dy\u2019t \u00fbnder \u2019t \u00e2ld rezjym swier woech.<br>Ynienen klonk de earste knal,<br>dy\u2019t folge waard troch folle mear<br>foar deagewoane minsken,<br>dat oeral ware r\u00fbn de dea,<br>it resultaat wie fal nei fal,<br>ik pakte rap it findel op,<br>dat kleure as \u2019t fergetten bloed<br>fan deagewoane minsken,<br>in teken fan opstiene lea,<br>dy\u2019t hearre lieten harren rop.\u2019<br><br><em>* Gelij Michajlovitsj Korzjev (1925-2012)<br>Skilderij \u2018de findeldrager\u2019<\/em><\/p>\n","protected":false},"excerpt":{"rendered":"<p>fan Gelij Michajlovitsj Korzjev*Hy leaude f\u00east yn \u2019t ideaaldat r\u00fbnom wappere yn \u2019t readfan deagewoane minskendy\u2019t wrotten foar it deistich brea&#8230;hy die grimmitich syn ferhaal: \u2018Wy r\u00fbnen oer it grize pleinfan r\u00fbnom noch de \u00e2lde macht,it wie \u00fas demonstraasjefan hjoed sil \u2019t w\u00eaze, no of nea,d\u00ear wie it lykwols net mei sein,want ek it findel [&hellip;]<\/p>\n","protected":false},"author":1,"featured_media":0,"comment_status":"closed","ping_status":"closed","sticky":false,"template":"","format":"standard","meta":{"footnotes":""},"categories":[6],"tags":[],"class_list":["post-23769","post","type-post","status-publish","format-standard","hentry","category-keunst"],"_links":{"self":[{"href":"https:\/\/tjerkstra.com\/wordpress\/wp-json\/wp\/v2\/posts\/23769","targetHints":{"allow":["GET"]}}],"collection":[{"href":"https:\/\/tjerkstra.com\/wordpress\/wp-json\/wp\/v2\/posts"}],"about":[{"href":"https:\/\/tjerkstra.com\/wordpress\/wp-json\/wp\/v2\/types\/post"}],"author":[{"embeddable":true,"href":"https:\/\/tjerkstra.com\/wordpress\/wp-json\/wp\/v2\/users\/1"}],"replies":[{"embeddable":true,"href":"https:\/\/tjerkstra.com\/wordpress\/wp-json\/wp\/v2\/comments?post=23769"}],"version-history":[{"count":2,"href":"https:\/\/tjerkstra.com\/wordpress\/wp-json\/wp\/v2\/posts\/23769\/revisions"}],"predecessor-version":[{"id":23772,"href":"https:\/\/tjerkstra.com\/wordpress\/wp-json\/wp\/v2\/posts\/23769\/revisions\/23772"}],"wp:attachment":[{"href":"https:\/\/tjerkstra.com\/wordpress\/wp-json\/wp\/v2\/media?parent=23769"}],"wp:term":[{"taxonomy":"category","embeddable":true,"href":"https:\/\/tjerkstra.com\/wordpress\/wp-json\/wp\/v2\/categories?post=23769"},{"taxonomy":"post_tag","embeddable":true,"href":"https:\/\/tjerkstra.com\/wordpress\/wp-json\/wp\/v2\/tags?post=23769"}],"curies":[{"name":"wp","href":"https:\/\/api.w.org\/{rel}","templated":true}]}}