{"id":2375,"date":"2016-10-09T19:46:20","date_gmt":"2016-10-09T19:46:20","guid":{"rendered":"http:\/\/www.tjerkstra.com\/wordpress\/?p=2375"},"modified":"2016-10-09T19:46:20","modified_gmt":"2016-10-09T19:46:20","slug":"loadewyk-xiv","status":"publish","type":"post","link":"https:\/\/tjerkstra.com\/wordpress\/skiednisbylden\/loadewyk-xiv\/","title":{"rendered":"Loadewyk XIV"},"content":{"rendered":"<table class=\"contentpaneopen\">\n<tbody>\n<tr>\n<td class=\"contentheading\" width=\"100%\"><\/td>\n<td class=\"buttonheading\" align=\"right\" width=\"100%\"><a title=\"PDF\"> <img decoding=\"async\" src=\"http:\/\/www.tjerkstra.com\/images\/M_images\/pdf_button.png\" alt=\"PDF\" name=\"image\" align=\"middle\" border=\"0\" \/> <\/a><\/td>\n<td class=\"buttonheading\" align=\"right\" width=\"100%\"><a title=\"Print\"> <img decoding=\"async\" src=\"http:\/\/www.tjerkstra.com\/images\/M_images\/printButton.png\" alt=\"Print\" name=\"image\" align=\"middle\" border=\"0\" \/> <\/a><\/td>\n<td class=\"buttonheading\" align=\"right\" width=\"100%\"><a title=\"E-mail\"> <img decoding=\"async\" src=\"http:\/\/www.tjerkstra.com\/images\/M_images\/emailButton.png\" alt=\"E-mail\" name=\"image\" align=\"middle\" border=\"0\" \/> <\/a><\/td>\n<\/tr>\n<\/tbody>\n<\/table>\n<table class=\"contentpaneopen\">\n<tbody>\n<tr>\n<td colspan=\"2\" valign=\"top\"><em>fan \u00fbnbekend*<br \/>\nfan Hyacinthe Rigaud**<\/p>\n<p><img loading=\"lazy\" decoding=\"async\" title=\"Image\" src=\"http:\/\/www.tjerkstra.com\/images\/stories\/deiboek6\/tn_scan520.jpg\" alt=\"Image\" width=\"352\" height=\"450\" border=\"0\" hspace=\"6\" \/><br \/>\n<\/em><br \/>\nD\u00ear stiet er dan, de lytse Loadewyk,<br \/>\ngjin Fr\u00e2nsman hie him noch ferwachte,<br \/>\noan in famke hast gelyk,<br \/>\nas Sinnekening waard er achte.<\/p>\n<p>As beuker kriich er al de keningskroan,<br \/>\nte swier noch foar syn lytse holle,<br \/>\nmar it joech wol oan de toan<br \/>\nfoar letter om de macht te wollen.<\/p>\n<p>As jonge liet er al syn leger sjen,<br \/>\nal wiene dat noch tin-soldaten,<br \/>\n&#8217;t jurkje hearde by it bern,<br \/>\nhy liet de unifoarmen prate.<\/p>\n<p>As puber seach er him as byld fan God,<br \/>\nsyn sinne skynde oer de ierde,<br \/>\nhearskjend oer it minskelot,<br \/>\nwat soe ta grutte hichten liede.<\/p>\n<p>D\u00ear stiet er dan, de lytse Loadewyk,<br \/>\ndy&#8217;t mei de pr\u00fak op grutter liket,<br \/>\nlytser as er woe, wie &#8217;t ryk,<br \/>\nde grutskens moast \u00fateinlik wike.<\/p>\n<p><img loading=\"lazy\" decoding=\"async\" title=\"Image\" src=\"http:\/\/www.tjerkstra.com\/images\/stories\/deiboek6\/tn_louisxiv.jpg\" alt=\"Image\" width=\"318\" height=\"450\" border=\"0\" hspace=\"6\" \/><\/p>\n<p><em>* Skilderij &#8216;Anna fan Eastenryk<br \/>\nmei har soan Loadewyk XIV&#8217;<\/p>\n<p>** Hyacinthe Rigaud (1659-1743)<br \/>\nSkilderij &#8216;Portret fan Loadewyk XIV&#8217;<br \/>\n<\/em><\/td>\n<\/tr>\n<\/tbody>\n<\/table>\n","protected":false},"excerpt":{"rendered":"<p>fan \u00fbnbekend* fan Hyacinthe Rigaud** D\u00ear stiet er dan, de lytse Loadewyk, gjin Fr\u00e2nsman hie him noch ferwachte, oan in famke hast gelyk, as Sinnekening waard er achte. As beuker kriich er al de keningskroan, te swier noch foar syn lytse holle, mar it joech wol oan de toan foar letter om de macht te [&hellip;]<\/p>\n","protected":false},"author":1,"featured_media":0,"comment_status":"closed","ping_status":"closed","sticky":false,"template":"","format":"standard","meta":{"footnotes":""},"categories":[9],"tags":[],"class_list":["post-2375","post","type-post","status-publish","format-standard","hentry","category-skiednisbylden"],"_links":{"self":[{"href":"https:\/\/tjerkstra.com\/wordpress\/wp-json\/wp\/v2\/posts\/2375","targetHints":{"allow":["GET"]}}],"collection":[{"href":"https:\/\/tjerkstra.com\/wordpress\/wp-json\/wp\/v2\/posts"}],"about":[{"href":"https:\/\/tjerkstra.com\/wordpress\/wp-json\/wp\/v2\/types\/post"}],"author":[{"embeddable":true,"href":"https:\/\/tjerkstra.com\/wordpress\/wp-json\/wp\/v2\/users\/1"}],"replies":[{"embeddable":true,"href":"https:\/\/tjerkstra.com\/wordpress\/wp-json\/wp\/v2\/comments?post=2375"}],"version-history":[{"count":1,"href":"https:\/\/tjerkstra.com\/wordpress\/wp-json\/wp\/v2\/posts\/2375\/revisions"}],"predecessor-version":[{"id":2376,"href":"https:\/\/tjerkstra.com\/wordpress\/wp-json\/wp\/v2\/posts\/2375\/revisions\/2376"}],"wp:attachment":[{"href":"https:\/\/tjerkstra.com\/wordpress\/wp-json\/wp\/v2\/media?parent=2375"}],"wp:term":[{"taxonomy":"category","embeddable":true,"href":"https:\/\/tjerkstra.com\/wordpress\/wp-json\/wp\/v2\/categories?post=2375"},{"taxonomy":"post_tag","embeddable":true,"href":"https:\/\/tjerkstra.com\/wordpress\/wp-json\/wp\/v2\/tags?post=2375"}],"curies":[{"name":"wp","href":"https:\/\/api.w.org\/{rel}","templated":true}]}}