{"id":23723,"date":"2025-05-02T15:15:57","date_gmt":"2025-05-02T15:15:57","guid":{"rendered":"https:\/\/tjerkstra.com\/wordpress\/?p=23723"},"modified":"2025-05-02T15:16:40","modified_gmt":"2025-05-02T15:16:40","slug":"fjord-mefjorden","status":"publish","type":"post","link":"https:\/\/tjerkstra.com\/wordpress\/wraldbylden\/fjord-mefjorden\/","title":{"rendered":"Fjord Mefjorden"},"content":{"rendered":"\n<figure class=\"wp-block-image size-large is-style-default\"><img loading=\"lazy\" decoding=\"async\" width=\"600\" height=\"197\" src=\"https:\/\/tjerkstra.com\/wordpress\/wp-content\/uploads\/2025\/05\/Segla-600x197.jpg\" alt=\"\" class=\"wp-image-23725\" srcset=\"https:\/\/tjerkstra.com\/wordpress\/wp-content\/uploads\/2025\/05\/Segla-600x197.jpg 600w, https:\/\/tjerkstra.com\/wordpress\/wp-content\/uploads\/2025\/05\/Segla-300x99.jpg 300w, https:\/\/tjerkstra.com\/wordpress\/wp-content\/uploads\/2025\/05\/Segla-590x194.jpg 590w, https:\/\/tjerkstra.com\/wordpress\/wp-content\/uploads\/2025\/05\/Segla-102x34.jpg 102w, https:\/\/tjerkstra.com\/wordpress\/wp-content\/uploads\/2025\/05\/Segla.jpg 608w\" sizes=\"auto, (max-width: 600px) 100vw, 600px\" \/><\/figure>\n\n\n\n<p><em>fan \u00fbnbekend*<br><\/em><br>Mefjorden hat de bergen skieden,<br>djipte hjir en hichte d\u00ear&#8230;<br>wa kin it fjord bedjipje,<br>klimme nei de hichte ta?<br>Gjinien giet hinne wer.<br><br>De doarpsbewenners yn de lichte<br>sjogge by berch Segla op,<br>fan klimme is gjin sprake,<br>wol fan farre yn it fjord&#8230;<br>it wjerl\u00fbd nei de rop.<br><br>Mefjorden lit de l\u00fbden d\u00fbbel<br>klinke, kompensaasje foar<br>de hichte en de djipte<br>dy\u2019t ferskille dei en nacht&#8230;<br>yn \u2019t fjord klinkt l\u00fbd: \u2018Far&#8230; far!\u2019<br><br><em>* Foto \u2018Berch Segla op it eil\u00e2n Senja<br>yn Noarwegen\u2019<br><\/em><br><br><\/p>\n","protected":false},"excerpt":{"rendered":"<p>fan \u00fbnbekend*Mefjorden hat de bergen skieden,djipte hjir en hichte d\u00ear&#8230;wa kin it fjord bedjipje,klimme nei de hichte ta?Gjinien giet hinne wer. De doarpsbewenners yn de lichtesjogge by berch Segla op,fan klimme is gjin sprake,wol fan farre yn it fjord&#8230;it wjerl\u00fbd nei de rop. Mefjorden lit de l\u00fbden d\u00fbbelklinke, kompensaasje foarde hichte en de djiptedy\u2019t ferskille [&hellip;]<\/p>\n","protected":false},"author":1,"featured_media":0,"comment_status":"closed","ping_status":"closed","sticky":false,"template":"","format":"standard","meta":{"footnotes":""},"categories":[19],"tags":[],"class_list":["post-23723","post","type-post","status-publish","format-standard","hentry","category-wraldbylden"],"_links":{"self":[{"href":"https:\/\/tjerkstra.com\/wordpress\/wp-json\/wp\/v2\/posts\/23723","targetHints":{"allow":["GET"]}}],"collection":[{"href":"https:\/\/tjerkstra.com\/wordpress\/wp-json\/wp\/v2\/posts"}],"about":[{"href":"https:\/\/tjerkstra.com\/wordpress\/wp-json\/wp\/v2\/types\/post"}],"author":[{"embeddable":true,"href":"https:\/\/tjerkstra.com\/wordpress\/wp-json\/wp\/v2\/users\/1"}],"replies":[{"embeddable":true,"href":"https:\/\/tjerkstra.com\/wordpress\/wp-json\/wp\/v2\/comments?post=23723"}],"version-history":[{"count":3,"href":"https:\/\/tjerkstra.com\/wordpress\/wp-json\/wp\/v2\/posts\/23723\/revisions"}],"predecessor-version":[{"id":23727,"href":"https:\/\/tjerkstra.com\/wordpress\/wp-json\/wp\/v2\/posts\/23723\/revisions\/23727"}],"wp:attachment":[{"href":"https:\/\/tjerkstra.com\/wordpress\/wp-json\/wp\/v2\/media?parent=23723"}],"wp:term":[{"taxonomy":"category","embeddable":true,"href":"https:\/\/tjerkstra.com\/wordpress\/wp-json\/wp\/v2\/categories?post=23723"},{"taxonomy":"post_tag","embeddable":true,"href":"https:\/\/tjerkstra.com\/wordpress\/wp-json\/wp\/v2\/tags?post=23723"}],"curies":[{"name":"wp","href":"https:\/\/api.w.org\/{rel}","templated":true}]}}