{"id":23715,"date":"2025-04-28T15:36:00","date_gmt":"2025-04-28T15:36:00","guid":{"rendered":"https:\/\/tjerkstra.com\/wordpress\/?p=23715"},"modified":"2025-04-28T15:36:00","modified_gmt":"2025-04-28T15:36:00","slug":"benjamin-spock","status":"publish","type":"post","link":"https:\/\/tjerkstra.com\/wordpress\/skiednisbylden\/benjamin-spock\/","title":{"rendered":"Benjamin Spock"},"content":{"rendered":"\n<figure class=\"wp-block-image size-full is-style-default\"><img loading=\"lazy\" decoding=\"async\" width=\"233\" height=\"315\" src=\"https:\/\/tjerkstra.com\/wordpress\/wp-content\/uploads\/2025\/04\/Spock.jpg\" alt=\"\" class=\"wp-image-23717\" srcset=\"https:\/\/tjerkstra.com\/wordpress\/wp-content\/uploads\/2025\/04\/Spock.jpg 233w, https:\/\/tjerkstra.com\/wordpress\/wp-content\/uploads\/2025\/04\/Spock-222x300.jpg 222w, https:\/\/tjerkstra.com\/wordpress\/wp-content\/uploads\/2025\/04\/Spock-53x71.jpg 53w\" sizes=\"auto, (max-width: 233px) 100vw, 233px\" \/><\/figure>\n\n\n\n<p><em>fan \u00fbnbekend*<br><\/em><br>Mei roeien in Olympysk kampioen<br>en letter wie er bernedokter,<br>roeide tsjin de streaming yn<br>fan fier de bern mei hurde h\u00e2n<br>de maatskippij yn, gjin gegryn!<br><br>As Benjamin hat hy it foarbyld j\u00fbn:<br>de jongste hat de leafde nedich<br>fan de \u00e2lders, mar ek bern<br>dy\u2019t \u00e2lder binne ha ferlet<br>fan eagen om har oan te sjen.<br><br>Want wa\u2019t it bern oansjocht, sl\u00fat in ferb\u00fbn<br>om leafdefol him grut te bringen,<br>dat er as persoanlikheid<br>de maatskippij in tsjinst bewiist,<br>gefoel rint lykop mei it feit.<br><br>In feit wie dat de maatskippij him b\u00fbn<br>oan hanneljen mei sloppe hannen,<br>nedich is in hurde h\u00e2n,<br>want dat bewiist de oarloch<br>yn Vietnam, sa\u2019n slach bringt wat ta st\u00e2n!<br><br><em>* Foto \u2018Benjamin Spock mei pakesizzer\u2019<br><\/em><br><br><\/p>\n","protected":false},"excerpt":{"rendered":"<p>fan \u00fbnbekend*Mei roeien in Olympysk kampioenen letter wie er bernedokter,roeide tsjin de streaming ynfan fier de bern mei hurde h\u00e2nde maatskippij yn, gjin gegryn! As Benjamin hat hy it foarbyld j\u00fbn:de jongste hat de leafde nedichfan de \u00e2lders, mar ek berndy\u2019t \u00e2lder binne ha ferletfan eagen om har oan te sjen. Want wa\u2019t it bern [&hellip;]<\/p>\n","protected":false},"author":1,"featured_media":0,"comment_status":"closed","ping_status":"closed","sticky":false,"template":"","format":"standard","meta":{"footnotes":""},"categories":[9],"tags":[],"class_list":["post-23715","post","type-post","status-publish","format-standard","hentry","category-skiednisbylden"],"_links":{"self":[{"href":"https:\/\/tjerkstra.com\/wordpress\/wp-json\/wp\/v2\/posts\/23715","targetHints":{"allow":["GET"]}}],"collection":[{"href":"https:\/\/tjerkstra.com\/wordpress\/wp-json\/wp\/v2\/posts"}],"about":[{"href":"https:\/\/tjerkstra.com\/wordpress\/wp-json\/wp\/v2\/types\/post"}],"author":[{"embeddable":true,"href":"https:\/\/tjerkstra.com\/wordpress\/wp-json\/wp\/v2\/users\/1"}],"replies":[{"embeddable":true,"href":"https:\/\/tjerkstra.com\/wordpress\/wp-json\/wp\/v2\/comments?post=23715"}],"version-history":[{"count":2,"href":"https:\/\/tjerkstra.com\/wordpress\/wp-json\/wp\/v2\/posts\/23715\/revisions"}],"predecessor-version":[{"id":23718,"href":"https:\/\/tjerkstra.com\/wordpress\/wp-json\/wp\/v2\/posts\/23715\/revisions\/23718"}],"wp:attachment":[{"href":"https:\/\/tjerkstra.com\/wordpress\/wp-json\/wp\/v2\/media?parent=23715"}],"wp:term":[{"taxonomy":"category","embeddable":true,"href":"https:\/\/tjerkstra.com\/wordpress\/wp-json\/wp\/v2\/categories?post=23715"},{"taxonomy":"post_tag","embeddable":true,"href":"https:\/\/tjerkstra.com\/wordpress\/wp-json\/wp\/v2\/tags?post=23715"}],"curies":[{"name":"wp","href":"https:\/\/api.w.org\/{rel}","templated":true}]}}