{"id":2360,"date":"2016-10-09T19:34:46","date_gmt":"2016-10-09T19:34:46","guid":{"rendered":"http:\/\/www.tjerkstra.com\/wordpress\/?p=2360"},"modified":"2016-10-09T19:34:46","modified_gmt":"2016-10-09T19:34:46","slug":"understeboppe","status":"publish","type":"post","link":"https:\/\/tjerkstra.com\/wordpress\/skiednisbylden\/understeboppe\/","title":{"rendered":"Understeboppe"},"content":{"rendered":"<table class=\"contentpaneopen\">\n<tbody>\n<tr>\n<td class=\"contentheading\" width=\"100%\"><\/td>\n<td class=\"buttonheading\" align=\"right\" width=\"100%\"><a title=\"PDF\"> <img decoding=\"async\" src=\"http:\/\/www.tjerkstra.com\/images\/M_images\/pdf_button.png\" alt=\"PDF\" name=\"image\" align=\"middle\" border=\"0\" \/> <\/a><\/td>\n<td class=\"buttonheading\" align=\"right\" width=\"100%\"><a title=\"Print\"> <img decoding=\"async\" src=\"http:\/\/www.tjerkstra.com\/images\/M_images\/printButton.png\" alt=\"Print\" name=\"image\" align=\"middle\" border=\"0\" \/> <\/a><\/td>\n<td class=\"buttonheading\" align=\"right\" width=\"100%\"><a title=\"E-mail\"> <img decoding=\"async\" src=\"http:\/\/www.tjerkstra.com\/images\/M_images\/emailButton.png\" alt=\"E-mail\" name=\"image\" align=\"middle\" border=\"0\" \/> <\/a><\/td>\n<\/tr>\n<\/tbody>\n<\/table>\n<table class=\"contentpaneopen\">\n<tbody>\n<tr>\n<td colspan=\"2\" valign=\"top\"><em>fan Jan de Baen*<\/p>\n<p><img loading=\"lazy\" decoding=\"async\" title=\"Image\" src=\"http:\/\/www.tjerkstra.com\/images\/stories\/deiboek6\/tn_scan485.jpg\" alt=\"Image\" width=\"365\" height=\"450\" border=\"0\" hspace=\"6\" \/><br \/>\n<\/em><br \/>\nD\u00ear stiet er noch, Johan de Witt,<br \/>\nde keninklike presidint<br \/>\nfan Holl\u00e2n yn de rike jierren,<br \/>\n&#8217;t ideaal fan de regint,<br \/>\nd\u00ear&#8217;t hy syn stean en gean oan mjit.<\/p>\n<p>Dy rykdom stiet troch oarloch faai,<br \/>\nlykas it libben fan it folk,<br \/>\ndat net om strideraasje freget;<br \/>\nfjouwer kear in tongerwolk,<br \/>\nd\u00ear r\u00eadt De Witt him ek net mei.<\/p>\n<p>Johan wurdt stutsen mei in dolk,<br \/>\nCornelis rekket yn de sel:<br \/>\n&#8216;Oranje boppe, Witten \u00fbnder!&#8217;<br \/>\nGjin De Witt is mear yn tel,<br \/>\nde macht leit by it sljochte folk.<\/p>\n<p>D\u00ear hingje sy, twa kear De Witt,<br \/>\n\u00fbntdien fan mage, terms en hert,<br \/>\nde measte fingers yn de hannel;<br \/>\nrap en r\u00fat wit fan gjin wet,<br \/>\nd\u00ear&#8217;t oars it folk &#8217;t bestean oan mjit.<\/p>\n<p><img loading=\"lazy\" decoding=\"async\" title=\"Image\" src=\"http:\/\/www.tjerkstra.com\/images\/stories\/deiboek6\/tn_scan486.jpg\" alt=\"Image\" width=\"360\" height=\"450\" border=\"0\" hspace=\"6\" \/><\/p>\n<p><em>* Jan de Baen (1633-1702)<br \/>\nSkilderij &#8216;Portret fan Johan de Witt&#8217;<br \/>\nSkilderij &#8216;De liken fan de bruorren De Witt<br \/>\nophongen op it Griene Soadsje<br \/>\noan de Fiverberch te De Haach, 1672&#8217;<br \/>\n<\/em><\/td>\n<\/tr>\n<\/tbody>\n<\/table>\n","protected":false},"excerpt":{"rendered":"<p>fan Jan de Baen* D\u00ear stiet er noch, Johan de Witt, de keninklike presidint fan Holl\u00e2n yn de rike jierren, &#8217;t ideaal fan de regint, d\u00ear&#8217;t hy syn stean en gean oan mjit. Dy rykdom stiet troch oarloch faai, lykas it libben fan it folk, dat net om strideraasje freget; fjouwer kear in tongerwolk, d\u00ear [&hellip;]<\/p>\n","protected":false},"author":1,"featured_media":0,"comment_status":"closed","ping_status":"closed","sticky":false,"template":"","format":"standard","meta":{"footnotes":""},"categories":[9],"tags":[],"class_list":["post-2360","post","type-post","status-publish","format-standard","hentry","category-skiednisbylden"],"_links":{"self":[{"href":"https:\/\/tjerkstra.com\/wordpress\/wp-json\/wp\/v2\/posts\/2360","targetHints":{"allow":["GET"]}}],"collection":[{"href":"https:\/\/tjerkstra.com\/wordpress\/wp-json\/wp\/v2\/posts"}],"about":[{"href":"https:\/\/tjerkstra.com\/wordpress\/wp-json\/wp\/v2\/types\/post"}],"author":[{"embeddable":true,"href":"https:\/\/tjerkstra.com\/wordpress\/wp-json\/wp\/v2\/users\/1"}],"replies":[{"embeddable":true,"href":"https:\/\/tjerkstra.com\/wordpress\/wp-json\/wp\/v2\/comments?post=2360"}],"version-history":[{"count":1,"href":"https:\/\/tjerkstra.com\/wordpress\/wp-json\/wp\/v2\/posts\/2360\/revisions"}],"predecessor-version":[{"id":2361,"href":"https:\/\/tjerkstra.com\/wordpress\/wp-json\/wp\/v2\/posts\/2360\/revisions\/2361"}],"wp:attachment":[{"href":"https:\/\/tjerkstra.com\/wordpress\/wp-json\/wp\/v2\/media?parent=2360"}],"wp:term":[{"taxonomy":"category","embeddable":true,"href":"https:\/\/tjerkstra.com\/wordpress\/wp-json\/wp\/v2\/categories?post=2360"},{"taxonomy":"post_tag","embeddable":true,"href":"https:\/\/tjerkstra.com\/wordpress\/wp-json\/wp\/v2\/tags?post=2360"}],"curies":[{"name":"wp","href":"https:\/\/api.w.org\/{rel}","templated":true}]}}