{"id":2357,"date":"2016-10-09T19:33:02","date_gmt":"2016-10-09T19:33:02","guid":{"rendered":"http:\/\/www.tjerkstra.com\/wordpress\/?p=2357"},"modified":"2016-10-09T19:33:02","modified_gmt":"2016-10-09T19:33:02","slug":"op-fjouwer-fronten","status":"publish","type":"post","link":"https:\/\/tjerkstra.com\/wordpress\/skiednisbylden\/op-fjouwer-fronten\/","title":{"rendered":"Op fjouwer fronten*"},"content":{"rendered":"<table class=\"contentpaneopen\">\n<tbody>\n<tr>\n<td class=\"contentheading\" width=\"100%\"><\/td>\n<td class=\"buttonheading\" align=\"right\" width=\"100%\"><a title=\"PDF\"> <img decoding=\"async\" src=\"http:\/\/www.tjerkstra.com\/images\/M_images\/pdf_button.png\" alt=\"PDF\" name=\"image\" align=\"middle\" border=\"0\" \/> <\/a><\/td>\n<td class=\"buttonheading\" align=\"right\" width=\"100%\"><a title=\"Print\"> <img decoding=\"async\" src=\"http:\/\/www.tjerkstra.com\/images\/M_images\/printButton.png\" alt=\"Print\" name=\"image\" align=\"middle\" border=\"0\" \/> <\/a><\/td>\n<td class=\"buttonheading\" align=\"right\" width=\"100%\"><a title=\"E-mail\"> <img decoding=\"async\" src=\"http:\/\/www.tjerkstra.com\/images\/M_images\/emailButton.png\" alt=\"E-mail\" name=\"image\" align=\"middle\" border=\"0\" \/> <\/a><\/td>\n<\/tr>\n<\/tbody>\n<\/table>\n<table class=\"contentpaneopen\">\n<tbody>\n<tr>\n<td colspan=\"2\" valign=\"top\"><em>fan Adam Frans van der Meulen**<br \/>\n<\/em><br \/>\nWat jildt noch as in hecht ferb\u00fbn<br \/>\nas sprake is fan laf ferrie,<br \/>\nsa hat \u00fas l\u00e2n it \u00fbnderf\u00fbn<br \/>\ndoe&#8217;t Ingel\u00e2n der net foar gie.<\/p>\n<p>Dy steat sleat him by Frankryk oan,<br \/>\nmei &#8217;t biskopspear \u00fat D\u00fatsl\u00e2n wei***,<br \/>\nde Republyk hie it bedoarn<br \/>\nby Loadewyk, it like faai.<\/p>\n<p>De Sinnekening liet him sjen<br \/>\nmei h\u00fbnderttweinticht\u00fbzen man,<br \/>\nde Republyk wie al ferlern<br \/>\nby Lobith, hie gjin oarlochsplan.<\/p>\n<p><img loading=\"lazy\" decoding=\"async\" title=\"Image\" src=\"http:\/\/www.tjerkstra.com\/images\/stories\/deiboek6\/tn_lodewijk%20xiv%201672%201.jpg\" alt=\"Image\" width=\"450\" height=\"288\" border=\"0\" hspace=\"6\" \/><\/p>\n<p>De kening hearde fan in boer<br \/>\nhoe oft it fjild derhinne lei:<br \/>\nhjir koed er wol de droechte oer;<br \/>\nsa wiisde l\u00e2nferrie de wei.<\/p>\n<p>Gjin wetter hold de Fr\u00e2nsman tsjin,<br \/>\ngjin festingmuorre wie te tsjok,<br \/>\nit wiisde foar de boargers min,<br \/>\nop fjouwer fronten wie in flok.<\/p>\n<p><img loading=\"lazy\" decoding=\"async\" title=\"Image\" src=\"http:\/\/www.tjerkstra.com\/images\/stories\/deiboek6\/tn_lodewijk%20xiv%201672%202.jpg\" alt=\"Image\" width=\"450\" height=\"366\" border=\"0\" hspace=\"6\" \/><\/p>\n<p><em>* De oarloch fan 1672<\/p>\n<p>** Adam Frans van der Meulen (1632-1690)<br \/>\nSkilderij &#8216;Loadewyk XIV by de Rijn&#8217;<br \/>\nSkilderij &#8216;It Fr\u00e2nske leger foar Naarden&#8217;<\/p>\n<p>*** De biskoppen fan Keulen en Munster\u00a0\u00a0 <\/em><\/td>\n<\/tr>\n<\/tbody>\n<\/table>\n","protected":false},"excerpt":{"rendered":"<p>fan Adam Frans van der Meulen** Wat jildt noch as in hecht ferb\u00fbn as sprake is fan laf ferrie, sa hat \u00fas l\u00e2n it \u00fbnderf\u00fbn doe&#8217;t Ingel\u00e2n der net foar gie. Dy steat sleat him by Frankryk oan, mei &#8217;t biskopspear \u00fat D\u00fatsl\u00e2n wei***, de Republyk hie it bedoarn by Loadewyk, it like faai. De [&hellip;]<\/p>\n","protected":false},"author":1,"featured_media":0,"comment_status":"closed","ping_status":"closed","sticky":false,"template":"","format":"standard","meta":{"footnotes":""},"categories":[9],"tags":[],"class_list":["post-2357","post","type-post","status-publish","format-standard","hentry","category-skiednisbylden"],"_links":{"self":[{"href":"https:\/\/tjerkstra.com\/wordpress\/wp-json\/wp\/v2\/posts\/2357","targetHints":{"allow":["GET"]}}],"collection":[{"href":"https:\/\/tjerkstra.com\/wordpress\/wp-json\/wp\/v2\/posts"}],"about":[{"href":"https:\/\/tjerkstra.com\/wordpress\/wp-json\/wp\/v2\/types\/post"}],"author":[{"embeddable":true,"href":"https:\/\/tjerkstra.com\/wordpress\/wp-json\/wp\/v2\/users\/1"}],"replies":[{"embeddable":true,"href":"https:\/\/tjerkstra.com\/wordpress\/wp-json\/wp\/v2\/comments?post=2357"}],"version-history":[{"count":1,"href":"https:\/\/tjerkstra.com\/wordpress\/wp-json\/wp\/v2\/posts\/2357\/revisions"}],"predecessor-version":[{"id":2358,"href":"https:\/\/tjerkstra.com\/wordpress\/wp-json\/wp\/v2\/posts\/2357\/revisions\/2358"}],"wp:attachment":[{"href":"https:\/\/tjerkstra.com\/wordpress\/wp-json\/wp\/v2\/media?parent=2357"}],"wp:term":[{"taxonomy":"category","embeddable":true,"href":"https:\/\/tjerkstra.com\/wordpress\/wp-json\/wp\/v2\/categories?post=2357"},{"taxonomy":"post_tag","embeddable":true,"href":"https:\/\/tjerkstra.com\/wordpress\/wp-json\/wp\/v2\/tags?post=2357"}],"curies":[{"name":"wp","href":"https:\/\/api.w.org\/{rel}","templated":true}]}}