{"id":23563,"date":"2025-02-15T16:45:42","date_gmt":"2025-02-15T16:45:42","guid":{"rendered":"https:\/\/tjerkstra.com\/wordpress\/?p=23563"},"modified":"2025-02-15T16:45:42","modified_gmt":"2025-02-15T16:45:42","slug":"frede-as-keapwaar","status":"publish","type":"post","link":"https:\/\/tjerkstra.com\/wordpress\/polityk\/frede-as-keapwaar\/","title":{"rendered":"Frede as keapwaar"},"content":{"rendered":"\n<figure class=\"wp-block-image size-large is-style-default\"><img loading=\"lazy\" decoding=\"async\" width=\"336\" height=\"600\" src=\"https:\/\/tjerkstra.com\/wordpress\/wp-content\/uploads\/2025\/02\/Swarte-do-336x600.jpg\" alt=\"\" class=\"wp-image-23565\" srcset=\"https:\/\/tjerkstra.com\/wordpress\/wp-content\/uploads\/2025\/02\/Swarte-do-336x600.jpg 336w, https:\/\/tjerkstra.com\/wordpress\/wp-content\/uploads\/2025\/02\/Swarte-do-168x300.jpg 168w, https:\/\/tjerkstra.com\/wordpress\/wp-content\/uploads\/2025\/02\/Swarte-do-196x350.jpg 196w, https:\/\/tjerkstra.com\/wordpress\/wp-content\/uploads\/2025\/02\/Swarte-do-40x71.jpg 40w, https:\/\/tjerkstra.com\/wordpress\/wp-content\/uploads\/2025\/02\/Swarte-do.jpg 600w\" sizes=\"auto, (max-width: 336px) 100vw, 336px\" \/><\/figure>\n\n\n\n<p><em>fan \u00fbnbekend*<br><\/em><br>Wa sil de frede leverje<br>no\u2019t dy keapwaar wurden is:<br>in swarte do foar ierdmetalen,<br>fearren ferve op \u2019e roffel fan<br>de tromme yn it Wite H\u00fbs&#8230;<br>wa kin dan noch nei frede tale?<br><br>Wa sil it l\u00e2n oerleverje<br>dat op slach oerfallen is<br>troch swarte bearen, as barbaren<br>skeaten sy de wite do oeral&#8230;<br>wa\u2019t op \u2019e tromme slach nei slach<br>jout, wol fan \u2019t l\u00e2n tal dollars barre.<br><br>Wa sil dan wjerst\u00e2n leverje<br>tsjin wat net te mjitten is<br>fanwege duvelske motiven,<br>riis oerein en h\u00e2ld de r\u00eagen rjocht<br>sadat de do wer fleane kin<br>en fervje swart de sike liven.<br><br><em>* Yllustraasje \u2018Swarte do\u2019<br><\/em><br><br><br><\/p>\n","protected":false},"excerpt":{"rendered":"<p>fan \u00fbnbekend*Wa sil de frede leverjeno\u2019t dy keapwaar wurden is:in swarte do foar ierdmetalen,fearren ferve op \u2019e roffel fande tromme yn it Wite H\u00fbs&#8230;wa kin dan noch nei frede tale? Wa sil it l\u00e2n oerleverjedat op slach oerfallen istroch swarte bearen, as barbarenskeaten sy de wite do oeral&#8230;wa\u2019t op \u2019e tromme slach nei slachjout, wol [&hellip;]<\/p>\n","protected":false},"author":1,"featured_media":0,"comment_status":"closed","ping_status":"closed","sticky":false,"template":"","format":"standard","meta":{"footnotes":""},"categories":[7],"tags":[],"class_list":["post-23563","post","type-post","status-publish","format-standard","hentry","category-polityk"],"_links":{"self":[{"href":"https:\/\/tjerkstra.com\/wordpress\/wp-json\/wp\/v2\/posts\/23563","targetHints":{"allow":["GET"]}}],"collection":[{"href":"https:\/\/tjerkstra.com\/wordpress\/wp-json\/wp\/v2\/posts"}],"about":[{"href":"https:\/\/tjerkstra.com\/wordpress\/wp-json\/wp\/v2\/types\/post"}],"author":[{"embeddable":true,"href":"https:\/\/tjerkstra.com\/wordpress\/wp-json\/wp\/v2\/users\/1"}],"replies":[{"embeddable":true,"href":"https:\/\/tjerkstra.com\/wordpress\/wp-json\/wp\/v2\/comments?post=23563"}],"version-history":[{"count":2,"href":"https:\/\/tjerkstra.com\/wordpress\/wp-json\/wp\/v2\/posts\/23563\/revisions"}],"predecessor-version":[{"id":23566,"href":"https:\/\/tjerkstra.com\/wordpress\/wp-json\/wp\/v2\/posts\/23563\/revisions\/23566"}],"wp:attachment":[{"href":"https:\/\/tjerkstra.com\/wordpress\/wp-json\/wp\/v2\/media?parent=23563"}],"wp:term":[{"taxonomy":"category","embeddable":true,"href":"https:\/\/tjerkstra.com\/wordpress\/wp-json\/wp\/v2\/categories?post=23563"},{"taxonomy":"post_tag","embeddable":true,"href":"https:\/\/tjerkstra.com\/wordpress\/wp-json\/wp\/v2\/tags?post=23563"}],"curies":[{"name":"wp","href":"https:\/\/api.w.org\/{rel}","templated":true}]}}