{"id":23369,"date":"2024-11-22T16:53:22","date_gmt":"2024-11-22T16:53:22","guid":{"rendered":"https:\/\/tjerkstra.com\/wordpress\/?p=23369"},"modified":"2024-11-22T16:53:59","modified_gmt":"2024-11-22T16:53:59","slug":"ein-fan-de-wrald","status":"publish","type":"post","link":"https:\/\/tjerkstra.com\/wordpress\/wraldbylden\/ein-fan-de-wrald\/","title":{"rendered":"Ein fan de wr\u00e2ld"},"content":{"rendered":"\n\n\n<figure class=\"wp-block-image size-large is-style-default\"><img loading=\"lazy\" decoding=\"async\" width=\"600\" height=\"400\" src=\"https:\/\/tjerkstra.com\/wordpress\/wp-content\/uploads\/2024\/11\/Shiretoko-1-600x400.jpg\" alt=\"\" class=\"wp-image-23371\" srcset=\"https:\/\/tjerkstra.com\/wordpress\/wp-content\/uploads\/2024\/11\/Shiretoko-1-600x400.jpg 600w, https:\/\/tjerkstra.com\/wordpress\/wp-content\/uploads\/2024\/11\/Shiretoko-1-300x200.jpg 300w, https:\/\/tjerkstra.com\/wordpress\/wp-content\/uploads\/2024\/11\/Shiretoko-1-768x512.jpg 768w, https:\/\/tjerkstra.com\/wordpress\/wp-content\/uploads\/2024\/11\/Shiretoko-1-525x350.jpg 525w, https:\/\/tjerkstra.com\/wordpress\/wp-content\/uploads\/2024\/11\/Shiretoko-1-102x68.jpg 102w, https:\/\/tjerkstra.com\/wordpress\/wp-content\/uploads\/2024\/11\/Shiretoko-1.jpg 1024w\" sizes=\"auto, (max-width: 600px) 100vw, 600px\" \/><\/figure>\n\n\n\n<p><em>fan \u00fbnbekend*<br><\/em><br>Shiretoko, in skiereil\u00e2n<br>mei de namme dy\u2019t fertelt<br>dat dit de ein is fan de wr\u00e2ld,<br>it paad rint slingerjend d\u00earhinne<br>om genietsjend mei te rinnen.<br><br>Want gean mei elkoar, belibje<br>net allinnich wat de ein<br>fertelt oer dizze stille wr\u00e2ld<br>fan bergen, bosken en ek bearen,<br>mei elkoar kinst dizze keare.<br><br>Bearen kinne net fertelle<br>wat de ein is fan de wr\u00e2ld,<br>elk iensum plak neamt men de ein&#8230;<br>om te genietsjen rap d\u00earhinne,<br>om\u2019t net oeral bearen binne.<br><br><em>* Foto \u2018Shiretoko yn Japan\u2019<br><\/em><br><br><\/p>\n","protected":false},"excerpt":{"rendered":"<p>fan \u00fbnbekend*Shiretoko, in skiereil\u00e2nmei de namme dy\u2019t ferteltdat dit de ein is fan de wr\u00e2ld,it paad rint slingerjend d\u00earhinneom genietsjend mei te rinnen. Want gean mei elkoar, belibjenet allinnich wat de einfertelt oer dizze stille wr\u00e2ldfan bergen, bosken en ek bearen,mei elkoar kinst dizze keare. Bearen kinne net fertellewat de ein is fan de wr\u00e2ld,elk [&hellip;]<\/p>\n","protected":false},"author":1,"featured_media":0,"comment_status":"closed","ping_status":"closed","sticky":false,"template":"","format":"standard","meta":{"footnotes":""},"categories":[19],"tags":[],"class_list":["post-23369","post","type-post","status-publish","format-standard","hentry","category-wraldbylden"],"_links":{"self":[{"href":"https:\/\/tjerkstra.com\/wordpress\/wp-json\/wp\/v2\/posts\/23369","targetHints":{"allow":["GET"]}}],"collection":[{"href":"https:\/\/tjerkstra.com\/wordpress\/wp-json\/wp\/v2\/posts"}],"about":[{"href":"https:\/\/tjerkstra.com\/wordpress\/wp-json\/wp\/v2\/types\/post"}],"author":[{"embeddable":true,"href":"https:\/\/tjerkstra.com\/wordpress\/wp-json\/wp\/v2\/users\/1"}],"replies":[{"embeddable":true,"href":"https:\/\/tjerkstra.com\/wordpress\/wp-json\/wp\/v2\/comments?post=23369"}],"version-history":[{"count":3,"href":"https:\/\/tjerkstra.com\/wordpress\/wp-json\/wp\/v2\/posts\/23369\/revisions"}],"predecessor-version":[{"id":23373,"href":"https:\/\/tjerkstra.com\/wordpress\/wp-json\/wp\/v2\/posts\/23369\/revisions\/23373"}],"wp:attachment":[{"href":"https:\/\/tjerkstra.com\/wordpress\/wp-json\/wp\/v2\/media?parent=23369"}],"wp:term":[{"taxonomy":"category","embeddable":true,"href":"https:\/\/tjerkstra.com\/wordpress\/wp-json\/wp\/v2\/categories?post=23369"},{"taxonomy":"post_tag","embeddable":true,"href":"https:\/\/tjerkstra.com\/wordpress\/wp-json\/wp\/v2\/tags?post=23369"}],"curies":[{"name":"wp","href":"https:\/\/api.w.org\/{rel}","templated":true}]}}