{"id":23350,"date":"2024-11-14T18:20:33","date_gmt":"2024-11-14T18:20:33","guid":{"rendered":"https:\/\/tjerkstra.com\/wordpress\/?p=23350"},"modified":"2024-11-14T18:20:33","modified_gmt":"2024-11-14T18:20:33","slug":"gjin-skaad-sunder-ljocht","status":"publish","type":"post","link":"https:\/\/tjerkstra.com\/wordpress\/keunst\/gjin-skaad-sunder-ljocht\/","title":{"rendered":"Gjin skaad s\u00fbnder ljocht"},"content":{"rendered":"\n\n\n\n\n\n\n\n\n<figure class=\"wp-block-image size-large is-style-default\"><img loading=\"lazy\" decoding=\"async\" width=\"489\" height=\"600\" src=\"https:\/\/tjerkstra.com\/wordpress\/wp-content\/uploads\/2024\/11\/Rembrandt-1-489x600.jpg\" alt=\"\" class=\"wp-image-23352\" srcset=\"https:\/\/tjerkstra.com\/wordpress\/wp-content\/uploads\/2024\/11\/Rembrandt-1-489x600.jpg 489w, https:\/\/tjerkstra.com\/wordpress\/wp-content\/uploads\/2024\/11\/Rembrandt-1-245x300.jpg 245w, https:\/\/tjerkstra.com\/wordpress\/wp-content\/uploads\/2024\/11\/Rembrandt-1-768x941.jpg 768w, https:\/\/tjerkstra.com\/wordpress\/wp-content\/uploads\/2024\/11\/Rembrandt-1-286x350.jpg 286w, https:\/\/tjerkstra.com\/wordpress\/wp-content\/uploads\/2024\/11\/Rembrandt-1-58x71.jpg 58w, https:\/\/tjerkstra.com\/wordpress\/wp-content\/uploads\/2024\/11\/Rembrandt-1.jpg 1200w\" sizes=\"auto, (max-width: 489px) 100vw, 489px\" \/><\/figure>\n\n\n\n<p><em>fan Rembrandt*<br><\/em><br>Gjin minske is de oare,<br>bliuwt yn w\u00eazen oan himsels gelyk,<br>al litte eagen sjen wat<br>omgiet yn syn inerlik,<br>dochs is hy net feroare<br>fan identiteit, hy sjocht<br>de wr\u00e2ld oan as in iepen boek;<br>\u00fat it skaad wei nei it ljocht<br>rint hy dy yn de mjitte<br>om te bringen op it doek,<br>sa\u2019t hy gjin ljocht sjocht s\u00fbnder<br>skaad, gjin dei is s\u00fbnder nacht<br>as teken fan ellinde<br>dy\u2019t benearet wa\u2019t der each<br>foar hat, dan l\u00fbkt in skaad<br>oer it gesicht, in fronseljende<br>eachopslach, ek nei syn aard<br>as him de wr\u00e2ld net sinniget<br>en hy it net mear sitten sjocht,<br>dan streket er foar w\u00fbnder<br>\u00fat himsels wei skaad en ljocht.<br><br><em>* Rembrandt (1606-1669)<br>Skilderij \u2018Selsportret\u2019<br>Ets \u2018Selsportret, fronseljend\u2019<br><\/em><\/p>\n\n\n\n<figure class=\"wp-block-image size-full is-style-default\"><img loading=\"lazy\" decoding=\"async\" width=\"503\" height=\"600\" src=\"https:\/\/tjerkstra.com\/wordpress\/wp-content\/uploads\/2024\/11\/Rembrandt-2.jpg\" alt=\"\" class=\"wp-image-23353\" srcset=\"https:\/\/tjerkstra.com\/wordpress\/wp-content\/uploads\/2024\/11\/Rembrandt-2.jpg 503w, https:\/\/tjerkstra.com\/wordpress\/wp-content\/uploads\/2024\/11\/Rembrandt-2-252x300.jpg 252w, https:\/\/tjerkstra.com\/wordpress\/wp-content\/uploads\/2024\/11\/Rembrandt-2-293x350.jpg 293w, https:\/\/tjerkstra.com\/wordpress\/wp-content\/uploads\/2024\/11\/Rembrandt-2-60x71.jpg 60w\" sizes=\"auto, (max-width: 503px) 100vw, 503px\" \/><\/figure>\n","protected":false},"excerpt":{"rendered":"<p>fan Rembrandt*Gjin minske is de oare,bliuwt yn w\u00eazen oan himsels gelyk,al litte eagen sjen watomgiet yn syn inerlik,dochs is hy net feroarefan identiteit, hy sjochtde wr\u00e2ld oan as in iepen boek;\u00fat it skaad wei nei it ljochtrint hy dy yn de mjitteom te bringen op it doek,sa\u2019t hy gjin ljocht sjocht s\u00fbnderskaad, gjin dei is [&hellip;]<\/p>\n","protected":false},"author":1,"featured_media":0,"comment_status":"closed","ping_status":"closed","sticky":false,"template":"","format":"standard","meta":{"footnotes":""},"categories":[6],"tags":[],"class_list":["post-23350","post","type-post","status-publish","format-standard","hentry","category-keunst"],"_links":{"self":[{"href":"https:\/\/tjerkstra.com\/wordpress\/wp-json\/wp\/v2\/posts\/23350","targetHints":{"allow":["GET"]}}],"collection":[{"href":"https:\/\/tjerkstra.com\/wordpress\/wp-json\/wp\/v2\/posts"}],"about":[{"href":"https:\/\/tjerkstra.com\/wordpress\/wp-json\/wp\/v2\/types\/post"}],"author":[{"embeddable":true,"href":"https:\/\/tjerkstra.com\/wordpress\/wp-json\/wp\/v2\/users\/1"}],"replies":[{"embeddable":true,"href":"https:\/\/tjerkstra.com\/wordpress\/wp-json\/wp\/v2\/comments?post=23350"}],"version-history":[{"count":2,"href":"https:\/\/tjerkstra.com\/wordpress\/wp-json\/wp\/v2\/posts\/23350\/revisions"}],"predecessor-version":[{"id":23354,"href":"https:\/\/tjerkstra.com\/wordpress\/wp-json\/wp\/v2\/posts\/23350\/revisions\/23354"}],"wp:attachment":[{"href":"https:\/\/tjerkstra.com\/wordpress\/wp-json\/wp\/v2\/media?parent=23350"}],"wp:term":[{"taxonomy":"category","embeddable":true,"href":"https:\/\/tjerkstra.com\/wordpress\/wp-json\/wp\/v2\/categories?post=23350"},{"taxonomy":"post_tag","embeddable":true,"href":"https:\/\/tjerkstra.com\/wordpress\/wp-json\/wp\/v2\/tags?post=23350"}],"curies":[{"name":"wp","href":"https:\/\/api.w.org\/{rel}","templated":true}]}}