{"id":23086,"date":"2024-08-26T15:24:43","date_gmt":"2024-08-26T15:24:43","guid":{"rendered":"https:\/\/tjerkstra.com\/wordpress\/?p=23086"},"modified":"2024-08-26T15:24:43","modified_gmt":"2024-08-26T15:24:43","slug":"klimmend-roze","status":"publish","type":"post","link":"https:\/\/tjerkstra.com\/wordpress\/lyrysk-deiboek\/klimmend-roze\/","title":{"rendered":"Klimmend r\u00f4ze"},"content":{"rendered":"\n<figure class=\"wp-block-image size-large is-style-default\"><img loading=\"lazy\" decoding=\"async\" width=\"600\" height=\"450\" src=\"https:\/\/tjerkstra.com\/wordpress\/wp-content\/uploads\/2024\/08\/P1100598-600x450.jpg\" alt=\"\" class=\"wp-image-23088\" srcset=\"https:\/\/tjerkstra.com\/wordpress\/wp-content\/uploads\/2024\/08\/P1100598-600x450.jpg 600w, https:\/\/tjerkstra.com\/wordpress\/wp-content\/uploads\/2024\/08\/P1100598-300x225.jpg 300w, https:\/\/tjerkstra.com\/wordpress\/wp-content\/uploads\/2024\/08\/P1100598-768x576.jpg 768w, https:\/\/tjerkstra.com\/wordpress\/wp-content\/uploads\/2024\/08\/P1100598-1536x1152.jpg 1536w, https:\/\/tjerkstra.com\/wordpress\/wp-content\/uploads\/2024\/08\/P1100598-2048x1536.jpg 2048w, https:\/\/tjerkstra.com\/wordpress\/wp-content\/uploads\/2024\/08\/P1100598-467x350.jpg 467w, https:\/\/tjerkstra.com\/wordpress\/wp-content\/uploads\/2024\/08\/P1100598-95x71.jpg 95w\" sizes=\"auto, (max-width: 600px) 100vw, 600px\" \/><\/figure>\n\n\n\n<p><br>Hy kleuret yn de griene wr\u00e2ld<br>syn stal opfallend r\u00f4ze<br>en fynt hy mei der w\u00eaze,<br>ek al krijt er minder loas.<br><br>Hy stribbe sels syn frijheid nei<br>allinnich tusken \u2019t grien,<br>hy mocht der earst net w\u00eaze,<br>mar hat r\u00f4ze syn mantsje stien.<br><br>Syn pine is noch lang net oer,<br>want donkergrien lit him<br>noch altyd minder w\u00eaze,<br>dochs begjint er oan syn klim.<\/p>\n","protected":false},"excerpt":{"rendered":"<p>Hy kleuret yn de griene wr\u00e2ldsyn stal opfallend r\u00f4zeen fynt hy mei der w\u00eaze,ek al krijt er minder loas. Hy stribbe sels syn frijheid neiallinnich tusken \u2019t grien,hy mocht der earst net w\u00eaze,mar hat r\u00f4ze syn mantsje stien. Syn pine is noch lang net oer,want donkergrien lit himnoch altyd minder w\u00eaze,dochs begjint er oan syn [&hellip;]<\/p>\n","protected":false},"author":1,"featured_media":0,"comment_status":"closed","ping_status":"closed","sticky":false,"template":"","format":"standard","meta":{"footnotes":""},"categories":[3],"tags":[],"class_list":["post-23086","post","type-post","status-publish","format-standard","hentry","category-lyrysk-deiboek"],"_links":{"self":[{"href":"https:\/\/tjerkstra.com\/wordpress\/wp-json\/wp\/v2\/posts\/23086","targetHints":{"allow":["GET"]}}],"collection":[{"href":"https:\/\/tjerkstra.com\/wordpress\/wp-json\/wp\/v2\/posts"}],"about":[{"href":"https:\/\/tjerkstra.com\/wordpress\/wp-json\/wp\/v2\/types\/post"}],"author":[{"embeddable":true,"href":"https:\/\/tjerkstra.com\/wordpress\/wp-json\/wp\/v2\/users\/1"}],"replies":[{"embeddable":true,"href":"https:\/\/tjerkstra.com\/wordpress\/wp-json\/wp\/v2\/comments?post=23086"}],"version-history":[{"count":2,"href":"https:\/\/tjerkstra.com\/wordpress\/wp-json\/wp\/v2\/posts\/23086\/revisions"}],"predecessor-version":[{"id":23089,"href":"https:\/\/tjerkstra.com\/wordpress\/wp-json\/wp\/v2\/posts\/23086\/revisions\/23089"}],"wp:attachment":[{"href":"https:\/\/tjerkstra.com\/wordpress\/wp-json\/wp\/v2\/media?parent=23086"}],"wp:term":[{"taxonomy":"category","embeddable":true,"href":"https:\/\/tjerkstra.com\/wordpress\/wp-json\/wp\/v2\/categories?post=23086"},{"taxonomy":"post_tag","embeddable":true,"href":"https:\/\/tjerkstra.com\/wordpress\/wp-json\/wp\/v2\/tags?post=23086"}],"curies":[{"name":"wp","href":"https:\/\/api.w.org\/{rel}","templated":true}]}}