{"id":23061,"date":"2024-08-21T15:34:52","date_gmt":"2024-08-21T15:34:52","guid":{"rendered":"https:\/\/tjerkstra.com\/wordpress\/?p=23061"},"modified":"2024-08-21T15:34:52","modified_gmt":"2024-08-21T15:34:52","slug":"foar-de-liwuen","status":"publish","type":"post","link":"https:\/\/tjerkstra.com\/wordpress\/bibelbylden\/foar-de-liwuen\/","title":{"rendered":"Foar de liwuen"},"content":{"rendered":"\n<figure class=\"wp-block-image size-full is-style-default\"><img loading=\"lazy\" decoding=\"async\" width=\"273\" height=\"185\" src=\"https:\/\/tjerkstra.com\/wordpress\/wp-content\/uploads\/2024\/08\/Daniel-25.jpg\" alt=\"\" class=\"wp-image-23063\" srcset=\"https:\/\/tjerkstra.com\/wordpress\/wp-content\/uploads\/2024\/08\/Daniel-25.jpg 273w, https:\/\/tjerkstra.com\/wordpress\/wp-content\/uploads\/2024\/08\/Daniel-25-102x69.jpg 102w\" sizes=\"auto, (max-width: 273px) 100vw, 273px\" \/><\/figure>\n\n\n\n<p><em>fan Peter Paul Rubens*<\/em><br>Dani\u00ebl<em><br><\/em><br>Deis bea Dani\u00ebl wol trije kear<br>mei lof oan God en mei syn fragen<br>dy\u2019t giene oer Jeruzalem,<br>wat tsjin de wet wie dy\u2019t de kening<br>\u00fatskreaun hie ta eigen macht en ear.<br><br>Doe\u2019t de hege hearen yn it ryk<br>him op \u2019e knibbels lizzen seagen,<br>ferklapten sy dit oan de foarst,<br>dy\u2019t war die Dani\u00ebl te r\u00eaden,<br>mar foar him wie lykwols gjin \u00fbntwyk.<br><br>Dani\u00ebl waard nei de k\u00fble brocht<br>d\u00ear\u2019t liuwen \u2019t foar it sizzen hiene,<br>in stien kaam op \u2019e iepening<br>mei segels fan de kening en de<br>pommeranten, wei waard alle ljocht.<br><br><em>* Peter Paul Rubens (1577-1640)<br>Skilderij \u2018Dani\u00ebl yn de liuwek\u00fble\u2019<br><\/em><br><br><\/p>\n","protected":false},"excerpt":{"rendered":"<p>fan Peter Paul Rubens*Dani\u00eblDeis bea Dani\u00ebl wol trije kearmei lof oan God en mei syn fragendy\u2019t giene oer Jeruzalem,wat tsjin de wet wie dy\u2019t de kening\u00fatskreaun hie ta eigen macht en ear. Doe\u2019t de hege hearen yn it rykhim op \u2019e knibbels lizzen seagen,ferklapten sy dit oan de foarst,dy\u2019t war die Dani\u00ebl te r\u00eaden,mar foar [&hellip;]<\/p>\n","protected":false},"author":1,"featured_media":0,"comment_status":"closed","ping_status":"closed","sticky":false,"template":"","format":"standard","meta":{"footnotes":""},"categories":[4],"tags":[],"class_list":["post-23061","post","type-post","status-publish","format-standard","hentry","category-bibelbylden"],"_links":{"self":[{"href":"https:\/\/tjerkstra.com\/wordpress\/wp-json\/wp\/v2\/posts\/23061","targetHints":{"allow":["GET"]}}],"collection":[{"href":"https:\/\/tjerkstra.com\/wordpress\/wp-json\/wp\/v2\/posts"}],"about":[{"href":"https:\/\/tjerkstra.com\/wordpress\/wp-json\/wp\/v2\/types\/post"}],"author":[{"embeddable":true,"href":"https:\/\/tjerkstra.com\/wordpress\/wp-json\/wp\/v2\/users\/1"}],"replies":[{"embeddable":true,"href":"https:\/\/tjerkstra.com\/wordpress\/wp-json\/wp\/v2\/comments?post=23061"}],"version-history":[{"count":2,"href":"https:\/\/tjerkstra.com\/wordpress\/wp-json\/wp\/v2\/posts\/23061\/revisions"}],"predecessor-version":[{"id":23064,"href":"https:\/\/tjerkstra.com\/wordpress\/wp-json\/wp\/v2\/posts\/23061\/revisions\/23064"}],"wp:attachment":[{"href":"https:\/\/tjerkstra.com\/wordpress\/wp-json\/wp\/v2\/media?parent=23061"}],"wp:term":[{"taxonomy":"category","embeddable":true,"href":"https:\/\/tjerkstra.com\/wordpress\/wp-json\/wp\/v2\/categories?post=23061"},{"taxonomy":"post_tag","embeddable":true,"href":"https:\/\/tjerkstra.com\/wordpress\/wp-json\/wp\/v2\/tags?post=23061"}],"curies":[{"name":"wp","href":"https:\/\/api.w.org\/{rel}","templated":true}]}}