{"id":23049,"date":"2024-08-18T16:57:50","date_gmt":"2024-08-18T16:57:50","guid":{"rendered":"https:\/\/tjerkstra.com\/wordpress\/?p=23049"},"modified":"2024-08-18T16:57:50","modified_gmt":"2024-08-18T16:57:50","slug":"dresden","status":"publish","type":"post","link":"https:\/\/tjerkstra.com\/wordpress\/skiednisbylden\/dresden\/","title":{"rendered":"Dresden"},"content":{"rendered":"\n<figure class=\"wp-block-image size-large is-style-default\"><img loading=\"lazy\" decoding=\"async\" width=\"600\" height=\"600\" src=\"https:\/\/tjerkstra.com\/wordpress\/wp-content\/uploads\/2024\/08\/Dresden-600x600.jpg\" alt=\"\" class=\"wp-image-23051\" srcset=\"https:\/\/tjerkstra.com\/wordpress\/wp-content\/uploads\/2024\/08\/Dresden-600x600.jpg 600w, https:\/\/tjerkstra.com\/wordpress\/wp-content\/uploads\/2024\/08\/Dresden-300x300.jpg 300w, https:\/\/tjerkstra.com\/wordpress\/wp-content\/uploads\/2024\/08\/Dresden-150x150.jpg 150w, https:\/\/tjerkstra.com\/wordpress\/wp-content\/uploads\/2024\/08\/Dresden-768x768.jpg 768w, https:\/\/tjerkstra.com\/wordpress\/wp-content\/uploads\/2024\/08\/Dresden-350x350.jpg 350w, https:\/\/tjerkstra.com\/wordpress\/wp-content\/uploads\/2024\/08\/Dresden-71x71.jpg 71w, https:\/\/tjerkstra.com\/wordpress\/wp-content\/uploads\/2024\/08\/Dresden.jpg 800w\" sizes=\"auto, (max-width: 600px) 100vw, 600px\" \/><\/figure>\n\n\n\n<p><em>fan \u00fbnbekend*<br><\/em><br>Ferbjustere, de earms fansiden,<br>stiet er heger as de sleine st\u00ead<br>troch bommen \u00fat \u2019e hichte wei,<br>hoewol\u2019t er \u2019t net op Hitler stean hat,<br>mei gjin folk sa deadzjend stride.<br><br>Hy hat de oarloch jierren sk\u00f4ge,<br>wit dat Dresden wie in trochfierplak<br>fan wapens nei it fiere front,<br>foar Hitler romte om te libjen&#8230;<br>hat de st\u00ead foar dat doel l\u00f4ge?<br><br>Hy koe de deaden amper telle,<br>fyfticht\u00fbzen, mar hy rekke kwyt<br>de tel mei alle fallen bern&#8230;<br>hat Hitler d\u00ear in trien om litten?<br>Nazi\u2019s soene \u2019t net fertelle.<br><br>Al jierren stiet hy hjir yn namme<br>fan de Hear dy\u2019t frede preke hat<br>foar freon en fij\u00e2n \u00fbnderweis,<br>foar Hitler en de alliearden&#8230;<br>ha se har d\u00earfoar wol skamme?<br><br><em>* Foto \u2018Dresden nei it bombardemint\u2019<br><\/em><br>\u00a0<br><br><br><\/p>\n","protected":false},"excerpt":{"rendered":"<p>fan \u00fbnbekend*Ferbjustere, de earms fansiden,stiet er heger as de sleine st\u00eadtroch bommen \u00fat \u2019e hichte wei,hoewol\u2019t er \u2019t net op Hitler stean hat,mei gjin folk sa deadzjend stride. Hy hat de oarloch jierren sk\u00f4ge,wit dat Dresden wie in trochfierplakfan wapens nei it fiere front,foar Hitler romte om te libjen&#8230;hat de st\u00ead foar dat doel l\u00f4ge? [&hellip;]<\/p>\n","protected":false},"author":1,"featured_media":0,"comment_status":"closed","ping_status":"closed","sticky":false,"template":"","format":"standard","meta":{"footnotes":""},"categories":[9],"tags":[],"class_list":["post-23049","post","type-post","status-publish","format-standard","hentry","category-skiednisbylden"],"_links":{"self":[{"href":"https:\/\/tjerkstra.com\/wordpress\/wp-json\/wp\/v2\/posts\/23049","targetHints":{"allow":["GET"]}}],"collection":[{"href":"https:\/\/tjerkstra.com\/wordpress\/wp-json\/wp\/v2\/posts"}],"about":[{"href":"https:\/\/tjerkstra.com\/wordpress\/wp-json\/wp\/v2\/types\/post"}],"author":[{"embeddable":true,"href":"https:\/\/tjerkstra.com\/wordpress\/wp-json\/wp\/v2\/users\/1"}],"replies":[{"embeddable":true,"href":"https:\/\/tjerkstra.com\/wordpress\/wp-json\/wp\/v2\/comments?post=23049"}],"version-history":[{"count":2,"href":"https:\/\/tjerkstra.com\/wordpress\/wp-json\/wp\/v2\/posts\/23049\/revisions"}],"predecessor-version":[{"id":23052,"href":"https:\/\/tjerkstra.com\/wordpress\/wp-json\/wp\/v2\/posts\/23049\/revisions\/23052"}],"wp:attachment":[{"href":"https:\/\/tjerkstra.com\/wordpress\/wp-json\/wp\/v2\/media?parent=23049"}],"wp:term":[{"taxonomy":"category","embeddable":true,"href":"https:\/\/tjerkstra.com\/wordpress\/wp-json\/wp\/v2\/categories?post=23049"},{"taxonomy":"post_tag","embeddable":true,"href":"https:\/\/tjerkstra.com\/wordpress\/wp-json\/wp\/v2\/tags?post=23049"}],"curies":[{"name":"wp","href":"https:\/\/api.w.org\/{rel}","templated":true}]}}