{"id":23042,"date":"2024-08-16T15:52:29","date_gmt":"2024-08-16T15:52:29","guid":{"rendered":"https:\/\/tjerkstra.com\/wordpress\/?p=23042"},"modified":"2024-08-16T15:52:29","modified_gmt":"2024-08-16T15:52:29","slug":"skildereftich-el-nido","status":"publish","type":"post","link":"https:\/\/tjerkstra.com\/wordpress\/lyrysk-deiboek\/skildereftich-el-nido\/","title":{"rendered":"Skildereftich El Nido"},"content":{"rendered":"\n\n\n<figure class=\"wp-block-image size-large is-style-default\"><img loading=\"lazy\" decoding=\"async\" width=\"600\" height=\"400\" src=\"https:\/\/tjerkstra.com\/wordpress\/wp-content\/uploads\/2024\/08\/El-Nido-2-600x400.jpg\" alt=\"\" class=\"wp-image-23043\" srcset=\"https:\/\/tjerkstra.com\/wordpress\/wp-content\/uploads\/2024\/08\/El-Nido-2-600x400.jpg 600w, https:\/\/tjerkstra.com\/wordpress\/wp-content\/uploads\/2024\/08\/El-Nido-2-300x200.jpg 300w, https:\/\/tjerkstra.com\/wordpress\/wp-content\/uploads\/2024\/08\/El-Nido-2-768x512.jpg 768w, https:\/\/tjerkstra.com\/wordpress\/wp-content\/uploads\/2024\/08\/El-Nido-2-1536x1023.jpg 1536w, https:\/\/tjerkstra.com\/wordpress\/wp-content\/uploads\/2024\/08\/El-Nido-2-525x350.jpg 525w, https:\/\/tjerkstra.com\/wordpress\/wp-content\/uploads\/2024\/08\/El-Nido-2-102x68.jpg 102w, https:\/\/tjerkstra.com\/wordpress\/wp-content\/uploads\/2024\/08\/El-Nido-2.jpg 1600w\" sizes=\"auto, (max-width: 600px) 100vw, 600px\" \/><\/figure>\n\n\n\n<p><em>fan \u00fbnbekend*<br><\/em><br>Lit skilders komme om<br>te konkurrearjen mei<br>de kleuren fan El Nido,<br>eil\u00e2n dat him mjitte kin<br>mei mear as t\u00fbzen oare<br>yn provinsje Palawan.<br><br>De tinten grien en blau<br>dy kontrastearje mei<br>it donker fan de rotsen;<br>skilders kinne dat wol sjen,<br>mar komme net nei foaren<br>mei har eigen masterplan.<br><br><em>* Foto \u2018El Nido yn de provinsje<br>Palawan (Filippinen)<br><\/em><br><br><br><\/p>\n","protected":false},"excerpt":{"rendered":"<p>fan \u00fbnbekend*Lit skilders komme omte konkurrearjen meide kleuren fan El Nido,eil\u00e2n dat him mjitte kinmei mear as t\u00fbzen oareyn provinsje Palawan. De tinten grien en blaudy kontrastearje meiit donker fan de rotsen;skilders kinne dat wol sjen,mar komme net nei foarenmei har eigen masterplan. * Foto \u2018El Nido yn de provinsjePalawan (Filippinen)<\/p>\n","protected":false},"author":1,"featured_media":0,"comment_status":"closed","ping_status":"closed","sticky":false,"template":"","format":"standard","meta":{"footnotes":""},"categories":[3],"tags":[],"class_list":["post-23042","post","type-post","status-publish","format-standard","hentry","category-lyrysk-deiboek"],"_links":{"self":[{"href":"https:\/\/tjerkstra.com\/wordpress\/wp-json\/wp\/v2\/posts\/23042","targetHints":{"allow":["GET"]}}],"collection":[{"href":"https:\/\/tjerkstra.com\/wordpress\/wp-json\/wp\/v2\/posts"}],"about":[{"href":"https:\/\/tjerkstra.com\/wordpress\/wp-json\/wp\/v2\/types\/post"}],"author":[{"embeddable":true,"href":"https:\/\/tjerkstra.com\/wordpress\/wp-json\/wp\/v2\/users\/1"}],"replies":[{"embeddable":true,"href":"https:\/\/tjerkstra.com\/wordpress\/wp-json\/wp\/v2\/comments?post=23042"}],"version-history":[{"count":1,"href":"https:\/\/tjerkstra.com\/wordpress\/wp-json\/wp\/v2\/posts\/23042\/revisions"}],"predecessor-version":[{"id":23044,"href":"https:\/\/tjerkstra.com\/wordpress\/wp-json\/wp\/v2\/posts\/23042\/revisions\/23044"}],"wp:attachment":[{"href":"https:\/\/tjerkstra.com\/wordpress\/wp-json\/wp\/v2\/media?parent=23042"}],"wp:term":[{"taxonomy":"category","embeddable":true,"href":"https:\/\/tjerkstra.com\/wordpress\/wp-json\/wp\/v2\/categories?post=23042"},{"taxonomy":"post_tag","embeddable":true,"href":"https:\/\/tjerkstra.com\/wordpress\/wp-json\/wp\/v2\/tags?post=23042"}],"curies":[{"name":"wp","href":"https:\/\/api.w.org\/{rel}","templated":true}]}}