{"id":22953,"date":"2024-07-09T17:34:52","date_gmt":"2024-07-09T17:34:52","guid":{"rendered":"https:\/\/tjerkstra.com\/wordpress\/?p=22953"},"modified":"2024-07-09T17:34:52","modified_gmt":"2024-07-09T17:34:52","slug":"falle-foar-it-byld","status":"publish","type":"post","link":"https:\/\/tjerkstra.com\/wordpress\/bibelbylden\/falle-foar-it-byld\/","title":{"rendered":"Falle foar it byld"},"content":{"rendered":"\n<figure class=\"wp-block-image size-full is-style-default\"><img loading=\"lazy\" decoding=\"async\" width=\"259\" height=\"194\" src=\"https:\/\/tjerkstra.com\/wordpress\/wp-content\/uploads\/2024\/07\/Daniel-16.jpg\" alt=\"\" class=\"wp-image-22955\" srcset=\"https:\/\/tjerkstra.com\/wordpress\/wp-content\/uploads\/2024\/07\/Daniel-16.jpg 259w, https:\/\/tjerkstra.com\/wordpress\/wp-content\/uploads\/2024\/07\/Daniel-16-95x71.jpg 95w\" sizes=\"auto, (max-width: 259px) 100vw, 259px\" \/><\/figure>\n\n\n\n<p><em>fan \u00fbnbekend*<\/em><br>Dani\u00ebl<em><br><\/em><br>Unbidich wie it gouden byld<br>dat nei de dream ferriisde<br>yn de delling fan D\u00fbra;<br>oeral wei r\u00f4p doe de foarst<br>de pommeranten fan syn ryk,<br>wat op in feestlik barren wiisde.<br><br>Omroppen waard \u00fat alle macht<br>dat folken \u00fat \u2019e naasjes<br>yn de hiele wr\u00e2ld har falle<br>litte moasten foar it byld<br>by \u2019t klinken fan de hoarn, skalmei<br>en oar spylark, want \u00fat \u2019e graasje&#8230;<br><br>&#8230; wie elkenien dy\u2019t rjocht oerein<br>bleau, dus de foarst gjin eare<br>joech, sy waarden yn de flammen<br>wijd, ta jiske waard de lea.<br>Doe klonken hoarn, skalmei en oar<br>spylark: \u2018Ear oan de foarst as Heare!\u2019<br><br><em>* Yllustraasje \u2018Neb\u00fbkadnessars gouden byld\u2019\u00a0<br><\/em><br><br><\/p>\n","protected":false},"excerpt":{"rendered":"<p>fan \u00fbnbekend*Dani\u00eblUnbidich wie it gouden bylddat nei de dream ferriisdeyn de delling fan D\u00fbra;oeral wei r\u00f4p doe de foarstde pommeranten fan syn ryk,wat op in feestlik barren wiisde. Omroppen waard \u00fat alle machtdat folken \u00fat \u2019e naasjesyn de hiele wr\u00e2ld har fallelitte moasten foar it byldby \u2019t klinken fan de hoarn, skalmeien oar spylark, want [&hellip;]<\/p>\n","protected":false},"author":1,"featured_media":0,"comment_status":"closed","ping_status":"closed","sticky":false,"template":"","format":"standard","meta":{"footnotes":""},"categories":[4],"tags":[],"class_list":["post-22953","post","type-post","status-publish","format-standard","hentry","category-bibelbylden"],"_links":{"self":[{"href":"https:\/\/tjerkstra.com\/wordpress\/wp-json\/wp\/v2\/posts\/22953","targetHints":{"allow":["GET"]}}],"collection":[{"href":"https:\/\/tjerkstra.com\/wordpress\/wp-json\/wp\/v2\/posts"}],"about":[{"href":"https:\/\/tjerkstra.com\/wordpress\/wp-json\/wp\/v2\/types\/post"}],"author":[{"embeddable":true,"href":"https:\/\/tjerkstra.com\/wordpress\/wp-json\/wp\/v2\/users\/1"}],"replies":[{"embeddable":true,"href":"https:\/\/tjerkstra.com\/wordpress\/wp-json\/wp\/v2\/comments?post=22953"}],"version-history":[{"count":2,"href":"https:\/\/tjerkstra.com\/wordpress\/wp-json\/wp\/v2\/posts\/22953\/revisions"}],"predecessor-version":[{"id":22956,"href":"https:\/\/tjerkstra.com\/wordpress\/wp-json\/wp\/v2\/posts\/22953\/revisions\/22956"}],"wp:attachment":[{"href":"https:\/\/tjerkstra.com\/wordpress\/wp-json\/wp\/v2\/media?parent=22953"}],"wp:term":[{"taxonomy":"category","embeddable":true,"href":"https:\/\/tjerkstra.com\/wordpress\/wp-json\/wp\/v2\/categories?post=22953"},{"taxonomy":"post_tag","embeddable":true,"href":"https:\/\/tjerkstra.com\/wordpress\/wp-json\/wp\/v2\/tags?post=22953"}],"curies":[{"name":"wp","href":"https:\/\/api.w.org\/{rel}","templated":true}]}}