{"id":22944,"date":"2024-07-07T17:43:42","date_gmt":"2024-07-07T17:43:42","guid":{"rendered":"https:\/\/tjerkstra.com\/wordpress\/?p=22944"},"modified":"2024-07-07T17:44:16","modified_gmt":"2024-07-07T17:44:16","slug":"it-wiffe-byld","status":"publish","type":"post","link":"https:\/\/tjerkstra.com\/wordpress\/lyrysk-deiboek\/it-wiffe-byld\/","title":{"rendered":"It wiffe byld"},"content":{"rendered":"\n\n\n<figure class=\"wp-block-image size-large is-style-default\"><img loading=\"lazy\" decoding=\"async\" width=\"211\" height=\"600\" src=\"https:\/\/tjerkstra.com\/wordpress\/wp-content\/uploads\/2024\/07\/Daniel-15-211x600.png\" alt=\"\" class=\"wp-image-22946\" srcset=\"https:\/\/tjerkstra.com\/wordpress\/wp-content\/uploads\/2024\/07\/Daniel-15-211x600.png 211w, https:\/\/tjerkstra.com\/wordpress\/wp-content\/uploads\/2024\/07\/Daniel-15-105x300.png 105w, https:\/\/tjerkstra.com\/wordpress\/wp-content\/uploads\/2024\/07\/Daniel-15-123x350.png 123w, https:\/\/tjerkstra.com\/wordpress\/wp-content\/uploads\/2024\/07\/Daniel-15-25x71.png 25w, https:\/\/tjerkstra.com\/wordpress\/wp-content\/uploads\/2024\/07\/Daniel-15.png 360w\" sizes=\"auto, (max-width: 211px) 100vw, 211px\" \/><\/figure>\n\n\n\n<p><em>fan \u00fbnbekend*<\/em><br>Dani\u00ebl<em><br><\/em><br>Dani\u00ebl gie wer nei Arioch,<br>dy\u2019t him hastich nei de kening brocht<br>foar \u00fatlis oer de \u00fbnbekende dream<br>om sa te sparjen alle wizen<br>dy\u2019t de dream net brochten oan it ljocht.<br><br>Doe joech Dani\u00ebl de foarst beskie<br>dat net hy, mar God it riedsel wist.<br>Hy makke ek de \u00fatlis iepenbier<br>om op wat komme soe te wizen:<br>\u2018Wit, o kening, dat gjinien dit mist:<br><br>Grut wie \u2019t byld dat jo foar eagen kaam:<br>goud de holle, sulver \u2019t liif, d\u00earnei<br>kaam koper, izer \u00fbnder, mar sjed\u00ear:<br>de fuotten wiene ek fan izer,<br>lykwols mongen mei de weake tichelklaai.<br><br>S\u00fbnder hannen skuorde los in stien,<br>dy\u2019t it hiele byld oan diggels sloech,<br>o kening, sa is \u2019t yn jo dream krekt gien.\u2019<br><br><em>* Yllustraasje \u2018It byld\u2019\u00a0\u00a0<br><br><\/em><\/p>\n","protected":false},"excerpt":{"rendered":"<p>fan \u00fbnbekend*Dani\u00eblDani\u00ebl gie wer nei Arioch,dy\u2019t him hastich nei de kening brochtfoar \u00fatlis oer de \u00fbnbekende dreamom sa te sparjen alle wizendy\u2019t de dream net brochten oan it ljocht. Doe joech Dani\u00ebl de foarst beskiedat net hy, mar God it riedsel wist.Hy makke ek de \u00fatlis iepenbierom op wat komme soe te wizen:\u2018Wit, o kening, [&hellip;]<\/p>\n","protected":false},"author":1,"featured_media":0,"comment_status":"closed","ping_status":"closed","sticky":false,"template":"","format":"standard","meta":{"footnotes":""},"categories":[4,3],"tags":[],"class_list":["post-22944","post","type-post","status-publish","format-standard","hentry","category-bibelbylden","category-lyrysk-deiboek"],"_links":{"self":[{"href":"https:\/\/tjerkstra.com\/wordpress\/wp-json\/wp\/v2\/posts\/22944","targetHints":{"allow":["GET"]}}],"collection":[{"href":"https:\/\/tjerkstra.com\/wordpress\/wp-json\/wp\/v2\/posts"}],"about":[{"href":"https:\/\/tjerkstra.com\/wordpress\/wp-json\/wp\/v2\/types\/post"}],"author":[{"embeddable":true,"href":"https:\/\/tjerkstra.com\/wordpress\/wp-json\/wp\/v2\/users\/1"}],"replies":[{"embeddable":true,"href":"https:\/\/tjerkstra.com\/wordpress\/wp-json\/wp\/v2\/comments?post=22944"}],"version-history":[{"count":1,"href":"https:\/\/tjerkstra.com\/wordpress\/wp-json\/wp\/v2\/posts\/22944\/revisions"}],"predecessor-version":[{"id":22947,"href":"https:\/\/tjerkstra.com\/wordpress\/wp-json\/wp\/v2\/posts\/22944\/revisions\/22947"}],"wp:attachment":[{"href":"https:\/\/tjerkstra.com\/wordpress\/wp-json\/wp\/v2\/media?parent=22944"}],"wp:term":[{"taxonomy":"category","embeddable":true,"href":"https:\/\/tjerkstra.com\/wordpress\/wp-json\/wp\/v2\/categories?post=22944"},{"taxonomy":"post_tag","embeddable":true,"href":"https:\/\/tjerkstra.com\/wordpress\/wp-json\/wp\/v2\/tags?post=22944"}],"curies":[{"name":"wp","href":"https:\/\/api.w.org\/{rel}","templated":true}]}}