{"id":22593,"date":"2024-04-27T15:37:03","date_gmt":"2024-04-27T15:37:03","guid":{"rendered":"https:\/\/tjerkstra.com\/wordpress\/?p=22593"},"modified":"2024-04-27T15:37:03","modified_gmt":"2024-04-27T15:37:03","slug":"yn-it-deaderyk","status":"publish","type":"post","link":"https:\/\/tjerkstra.com\/wordpress\/bibelbylden\/yn-it-deaderyk\/","title":{"rendered":"Yn it deaderyk"},"content":{"rendered":"\n<figure class=\"wp-block-image size-large is-style-default\"><img loading=\"lazy\" decoding=\"async\" width=\"440\" height=\"600\" src=\"https:\/\/tjerkstra.com\/wordpress\/wp-content\/uploads\/2024\/04\/Farao-1-1-440x600.jpg\" alt=\"\" class=\"wp-image-22595\" srcset=\"https:\/\/tjerkstra.com\/wordpress\/wp-content\/uploads\/2024\/04\/Farao-1-1-440x600.jpg 440w, https:\/\/tjerkstra.com\/wordpress\/wp-content\/uploads\/2024\/04\/Farao-1-1-220x300.jpg 220w, https:\/\/tjerkstra.com\/wordpress\/wp-content\/uploads\/2024\/04\/Farao-1-1-768x1047.jpg 768w, https:\/\/tjerkstra.com\/wordpress\/wp-content\/uploads\/2024\/04\/Farao-1-1-1127x1536.jpg 1127w, https:\/\/tjerkstra.com\/wordpress\/wp-content\/uploads\/2024\/04\/Farao-1-1-257x350.jpg 257w, https:\/\/tjerkstra.com\/wordpress\/wp-content\/uploads\/2024\/04\/Farao-1-1-52x71.jpg 52w, https:\/\/tjerkstra.com\/wordpress\/wp-content\/uploads\/2024\/04\/Farao-1-1.jpg 1200w\" sizes=\"auto, (max-width: 440px) 100vw, 440px\" \/><\/figure>\n\n\n\n<p><em>fan \u00fbnbekend*<br><\/em><br>Lit in rouklacht klinke mei<br>de froulju \u00fat \u2019e heidenfolken<br>oer de farao mei al syn folk,<br>lit him it deaderyk yngean,<br>yn \u2019t ryk fan \u00fbnbesnienen,<br>kriichsfolk delslein troch it swurd,<br>dy\u2019t libbenen de skrik oandiene.<br><br>Kriichsfolk fan Assyri\u00eb<br>en Elam, Edom, M\u00f4sjek-T\u00fbbal,<br>allegearre deade troch it swurd,<br>sy steane om de farao<br>syn gr\u00eaf, de \u00fbnbesnienen,<br>dy\u2019t de libbenen de skrik<br>oandiene, mar gjin takomst hiene.<br><br>Foarsten \u00fat it noarden wei,<br>Sidoani\u00ebrs, lit har mar lizze<br>by de \u00fbnbesnienen, skande kaam<br>oer har, lykas de farao<br>te skande set is mei syn<br>kliber ta syn grutte skrik,<br>sa is er \u00fat it libben wei dien.<br><br><em>Byld \u2018Farao\u2019<br><br><\/em><br><br><\/p>\n","protected":false},"excerpt":{"rendered":"<p>fan \u00fbnbekend*Lit in rouklacht klinke meide froulju \u00fat \u2019e heidenfolkenoer de farao mei al syn folk,lit him it deaderyk yngean,yn \u2019t ryk fan \u00fbnbesnienen,kriichsfolk delslein troch it swurd,dy\u2019t libbenen de skrik oandiene. Kriichsfolk fan Assyri\u00eben Elam, Edom, M\u00f4sjek-T\u00fbbal,allegearre deade troch it swurd,sy steane om de faraosyn gr\u00eaf, de \u00fbnbesnienen,dy\u2019t de libbenen de skrikoandiene, mar gjin [&hellip;]<\/p>\n","protected":false},"author":1,"featured_media":0,"comment_status":"closed","ping_status":"closed","sticky":false,"template":"","format":"standard","meta":{"footnotes":""},"categories":[4],"tags":[],"class_list":["post-22593","post","type-post","status-publish","format-standard","hentry","category-bibelbylden"],"_links":{"self":[{"href":"https:\/\/tjerkstra.com\/wordpress\/wp-json\/wp\/v2\/posts\/22593","targetHints":{"allow":["GET"]}}],"collection":[{"href":"https:\/\/tjerkstra.com\/wordpress\/wp-json\/wp\/v2\/posts"}],"about":[{"href":"https:\/\/tjerkstra.com\/wordpress\/wp-json\/wp\/v2\/types\/post"}],"author":[{"embeddable":true,"href":"https:\/\/tjerkstra.com\/wordpress\/wp-json\/wp\/v2\/users\/1"}],"replies":[{"embeddable":true,"href":"https:\/\/tjerkstra.com\/wordpress\/wp-json\/wp\/v2\/comments?post=22593"}],"version-history":[{"count":2,"href":"https:\/\/tjerkstra.com\/wordpress\/wp-json\/wp\/v2\/posts\/22593\/revisions"}],"predecessor-version":[{"id":22596,"href":"https:\/\/tjerkstra.com\/wordpress\/wp-json\/wp\/v2\/posts\/22593\/revisions\/22596"}],"wp:attachment":[{"href":"https:\/\/tjerkstra.com\/wordpress\/wp-json\/wp\/v2\/media?parent=22593"}],"wp:term":[{"taxonomy":"category","embeddable":true,"href":"https:\/\/tjerkstra.com\/wordpress\/wp-json\/wp\/v2\/categories?post=22593"},{"taxonomy":"post_tag","embeddable":true,"href":"https:\/\/tjerkstra.com\/wordpress\/wp-json\/wp\/v2\/tags?post=22593"}],"curies":[{"name":"wp","href":"https:\/\/api.w.org\/{rel}","templated":true}]}}