{"id":22557,"date":"2024-04-21T17:12:18","date_gmt":"2024-04-21T17:12:18","guid":{"rendered":"https:\/\/tjerkstra.com\/wordpress\/?p=22557"},"modified":"2024-04-21T17:20:15","modified_gmt":"2024-04-21T17:20:15","slug":"opstan-yn-warschau","status":"publish","type":"post","link":"https:\/\/tjerkstra.com\/wordpress\/skiednisbylden\/opstan-yn-warschau\/","title":{"rendered":"Opst\u00e2n yn Warschau"},"content":{"rendered":"\n<figure class=\"wp-block-image size-large is-style-default\"><img loading=\"lazy\" decoding=\"async\" width=\"600\" height=\"431\" src=\"https:\/\/tjerkstra.com\/wordpress\/wp-content\/uploads\/2024\/04\/Warschau-1-600x431.jpg\" alt=\"\" class=\"wp-image-22559\" srcset=\"https:\/\/tjerkstra.com\/wordpress\/wp-content\/uploads\/2024\/04\/Warschau-1-600x431.jpg 600w, https:\/\/tjerkstra.com\/wordpress\/wp-content\/uploads\/2024\/04\/Warschau-1-300x216.jpg 300w, https:\/\/tjerkstra.com\/wordpress\/wp-content\/uploads\/2024\/04\/Warschau-1-487x350.jpg 487w, https:\/\/tjerkstra.com\/wordpress\/wp-content\/uploads\/2024\/04\/Warschau-1-99x71.jpg 99w, https:\/\/tjerkstra.com\/wordpress\/wp-content\/uploads\/2024\/04\/Warschau-1.jpg 697w\" sizes=\"auto, (max-width: 600px) 100vw, 600px\" \/><\/figure>\n\n\n\n<p><em>fan \u00fbnbekend*<br>fan \u00fbnbekend**<br><\/em><br>W\u00earom steane minsken op<br>nei jierren \u00fbnderoan te lizzen?<br>It swijen hat net langer sin,<br>sy ha noch wat te sizzen.<br><br>Poalen lieten harren \u00fat<br>oer D\u00fatsers dy\u2019t har \u00fbnder leine<br>as minsken s\u00fbnder heger sin,<br>dy\u2019t sy it stjoer \u00fbntseine.<br><br>Stjoerleas lieten sy har net<br>troch D\u00fatsers yn de djipte driuwe,<br>sy seagen yn de opst\u00e2n sin<br>om sa harsels te bliuwen.<br><br>Warschau gie fol yn de striid<br>om fan de fij\u00e2n \u00f4f te kommen,<br>twa moannen hold de opst\u00e2n st\u00e2n,<br>mar \u2019t lot waard net ferromme.<br><br>Russen holpen Warschau net,<br>bleauwen fan de st\u00ead op \u00f4fst\u00e2n,<br>wat easke \u00fbnder \u2019t folk syn tol:<br>yn bloed ferr\u00fbn de opst\u00e2n.<br><br><em>* Foto \u2018Warschau, 1 augustus 1944\u2019<br>** Foto \u2018Monumint fan de opst\u00e2n yn Warschau\u2019<\/em><br><br><\/p>\n\n\n\n<figure class=\"wp-block-image size-full is-style-default\"><img loading=\"lazy\" decoding=\"async\" width=\"500\" height=\"333\" src=\"https:\/\/tjerkstra.com\/wordpress\/wp-content\/uploads\/2024\/04\/Warschau-3.jpg\" alt=\"\" class=\"wp-image-22561\" srcset=\"https:\/\/tjerkstra.com\/wordpress\/wp-content\/uploads\/2024\/04\/Warschau-3.jpg 500w, https:\/\/tjerkstra.com\/wordpress\/wp-content\/uploads\/2024\/04\/Warschau-3-300x200.jpg 300w, https:\/\/tjerkstra.com\/wordpress\/wp-content\/uploads\/2024\/04\/Warschau-3-102x68.jpg 102w\" sizes=\"auto, (max-width: 500px) 100vw, 500px\" \/><\/figure>\n","protected":false},"excerpt":{"rendered":"<p>fan \u00fbnbekend*fan \u00fbnbekend**W\u00earom steane minsken opnei jierren \u00fbnderoan te lizzen?It swijen hat net langer sin,sy ha noch wat te sizzen. Poalen lieten harren \u00fatoer D\u00fatsers dy\u2019t har \u00fbnder leineas minsken s\u00fbnder heger sin,dy\u2019t sy it stjoer \u00fbntseine. Stjoerleas lieten sy har nettroch D\u00fatsers yn de djipte driuwe,sy seagen yn de opst\u00e2n sinom sa harsels te [&hellip;]<\/p>\n","protected":false},"author":1,"featured_media":0,"comment_status":"closed","ping_status":"closed","sticky":false,"template":"","format":"standard","meta":{"footnotes":""},"categories":[9],"tags":[],"class_list":["post-22557","post","type-post","status-publish","format-standard","hentry","category-skiednisbylden"],"_links":{"self":[{"href":"https:\/\/tjerkstra.com\/wordpress\/wp-json\/wp\/v2\/posts\/22557","targetHints":{"allow":["GET"]}}],"collection":[{"href":"https:\/\/tjerkstra.com\/wordpress\/wp-json\/wp\/v2\/posts"}],"about":[{"href":"https:\/\/tjerkstra.com\/wordpress\/wp-json\/wp\/v2\/types\/post"}],"author":[{"embeddable":true,"href":"https:\/\/tjerkstra.com\/wordpress\/wp-json\/wp\/v2\/users\/1"}],"replies":[{"embeddable":true,"href":"https:\/\/tjerkstra.com\/wordpress\/wp-json\/wp\/v2\/comments?post=22557"}],"version-history":[{"count":5,"href":"https:\/\/tjerkstra.com\/wordpress\/wp-json\/wp\/v2\/posts\/22557\/revisions"}],"predecessor-version":[{"id":22565,"href":"https:\/\/tjerkstra.com\/wordpress\/wp-json\/wp\/v2\/posts\/22557\/revisions\/22565"}],"wp:attachment":[{"href":"https:\/\/tjerkstra.com\/wordpress\/wp-json\/wp\/v2\/media?parent=22557"}],"wp:term":[{"taxonomy":"category","embeddable":true,"href":"https:\/\/tjerkstra.com\/wordpress\/wp-json\/wp\/v2\/categories?post=22557"},{"taxonomy":"post_tag","embeddable":true,"href":"https:\/\/tjerkstra.com\/wordpress\/wp-json\/wp\/v2\/tags?post=22557"}],"curies":[{"name":"wp","href":"https:\/\/api.w.org\/{rel}","templated":true}]}}