{"id":22539,"date":"2024-04-17T15:41:56","date_gmt":"2024-04-17T15:41:56","guid":{"rendered":"https:\/\/tjerkstra.com\/wordpress\/?p=22539"},"modified":"2024-04-17T15:41:56","modified_gmt":"2024-04-17T15:41:56","slug":"farao-as-seder","status":"publish","type":"post","link":"https:\/\/tjerkstra.com\/wordpress\/bibelbylden\/farao-as-seder\/","title":{"rendered":"Farao as seder"},"content":{"rendered":"\n<figure class=\"wp-block-image size-large is-style-default\"><img loading=\"lazy\" decoding=\"async\" width=\"600\" height=\"398\" src=\"https:\/\/tjerkstra.com\/wordpress\/wp-content\/uploads\/2024\/04\/Seder-600x398.jpg\" alt=\"\" class=\"wp-image-22541\" srcset=\"https:\/\/tjerkstra.com\/wordpress\/wp-content\/uploads\/2024\/04\/Seder-600x398.jpg 600w, https:\/\/tjerkstra.com\/wordpress\/wp-content\/uploads\/2024\/04\/Seder-300x199.jpg 300w, https:\/\/tjerkstra.com\/wordpress\/wp-content\/uploads\/2024\/04\/Seder-768x509.jpg 768w, https:\/\/tjerkstra.com\/wordpress\/wp-content\/uploads\/2024\/04\/Seder-528x350.jpg 528w, https:\/\/tjerkstra.com\/wordpress\/wp-content\/uploads\/2024\/04\/Seder-102x68.jpg 102w, https:\/\/tjerkstra.com\/wordpress\/wp-content\/uploads\/2024\/04\/Seder.jpg 800w\" sizes=\"auto, (max-width: 600px) 100vw, 600px\" \/><\/figure>\n\n\n\n<p><em>fan \u00fbnbekend*<\/em><br>Ezechi\u00ebl<em><br><\/em><br>Oer farao klinkt wer in profesy:<br>Earst riist er op, d\u00earnei is \u2019t mei him dien.<br><br>Do bist in seder fan de Libanon<br>mei brede t\u00fbken oan in hege stam,<br>dyn kr\u00fan stekt yn de wolken op;<br>de wetterstreamen rinne<br>om it stee d\u00earst plante bist;<br>dat wetter hat dy groeie litten<br>om oan hichte noch te winnen,<br>fier steksto dyn t\u00fbken \u00fat,<br>d\u00ear nestelje de f\u00fbgels op,<br>d\u00ear\u00fbnder kriget mannich bist<br>syn jongen, foar gjin r\u00f4ver b\u00fat;<br>de seders yn Gods eigen h\u00f4f<br>komme lang net oan dy ta,<br>do seder fan de Libanon<br>stekst fier \u00fat boppe de sipressen,<br>breder bist as de platanen,<br>sa hat God dy sierlik makke.<br><br>Oer farao klinkt wer in profesy:<br>Del kaam de seder, rap wie \u2019t mei him dien.<br><br><em>* Foto \u2018Seder\u2019<br><\/em><br><br><\/p>\n","protected":false},"excerpt":{"rendered":"<p>fan \u00fbnbekend*Ezechi\u00eblOer farao klinkt wer in profesy:Earst riist er op, d\u00earnei is \u2019t mei him dien. Do bist in seder fan de Libanonmei brede t\u00fbken oan in hege stam,dyn kr\u00fan stekt yn de wolken op;de wetterstreamen rinneom it stee d\u00earst plante bist;dat wetter hat dy groeie littenom oan hichte noch te winnen,fier steksto dyn t\u00fbken [&hellip;]<\/p>\n","protected":false},"author":1,"featured_media":0,"comment_status":"closed","ping_status":"closed","sticky":false,"template":"","format":"standard","meta":{"footnotes":""},"categories":[4],"tags":[],"class_list":["post-22539","post","type-post","status-publish","format-standard","hentry","category-bibelbylden"],"_links":{"self":[{"href":"https:\/\/tjerkstra.com\/wordpress\/wp-json\/wp\/v2\/posts\/22539","targetHints":{"allow":["GET"]}}],"collection":[{"href":"https:\/\/tjerkstra.com\/wordpress\/wp-json\/wp\/v2\/posts"}],"about":[{"href":"https:\/\/tjerkstra.com\/wordpress\/wp-json\/wp\/v2\/types\/post"}],"author":[{"embeddable":true,"href":"https:\/\/tjerkstra.com\/wordpress\/wp-json\/wp\/v2\/users\/1"}],"replies":[{"embeddable":true,"href":"https:\/\/tjerkstra.com\/wordpress\/wp-json\/wp\/v2\/comments?post=22539"}],"version-history":[{"count":2,"href":"https:\/\/tjerkstra.com\/wordpress\/wp-json\/wp\/v2\/posts\/22539\/revisions"}],"predecessor-version":[{"id":22542,"href":"https:\/\/tjerkstra.com\/wordpress\/wp-json\/wp\/v2\/posts\/22539\/revisions\/22542"}],"wp:attachment":[{"href":"https:\/\/tjerkstra.com\/wordpress\/wp-json\/wp\/v2\/media?parent=22539"}],"wp:term":[{"taxonomy":"category","embeddable":true,"href":"https:\/\/tjerkstra.com\/wordpress\/wp-json\/wp\/v2\/categories?post=22539"},{"taxonomy":"post_tag","embeddable":true,"href":"https:\/\/tjerkstra.com\/wordpress\/wp-json\/wp\/v2\/tags?post=22539"}],"curies":[{"name":"wp","href":"https:\/\/api.w.org\/{rel}","templated":true}]}}