{"id":22529,"date":"2024-04-15T15:40:42","date_gmt":"2024-04-15T15:40:42","guid":{"rendered":"https:\/\/tjerkstra.com\/wordpress\/?p=22529"},"modified":"2024-04-15T15:41:12","modified_gmt":"2024-04-15T15:41:12","slug":"spoare-mei-de-tiid","status":"publish","type":"post","link":"https:\/\/tjerkstra.com\/wordpress\/lyrysk-deiboek\/spoare-mei-de-tiid\/","title":{"rendered":"Spoare mei de tiid"},"content":{"rendered":"\n<figure class=\"wp-block-image size-large is-style-default\"><img loading=\"lazy\" decoding=\"async\" width=\"600\" height=\"450\" src=\"https:\/\/tjerkstra.com\/wordpress\/wp-content\/uploads\/2024\/04\/P1100515-600x450.jpg\" alt=\"\" class=\"wp-image-22531\" srcset=\"https:\/\/tjerkstra.com\/wordpress\/wp-content\/uploads\/2024\/04\/P1100515-600x450.jpg 600w, https:\/\/tjerkstra.com\/wordpress\/wp-content\/uploads\/2024\/04\/P1100515-300x225.jpg 300w, https:\/\/tjerkstra.com\/wordpress\/wp-content\/uploads\/2024\/04\/P1100515-768x576.jpg 768w, https:\/\/tjerkstra.com\/wordpress\/wp-content\/uploads\/2024\/04\/P1100515-1536x1152.jpg 1536w, https:\/\/tjerkstra.com\/wordpress\/wp-content\/uploads\/2024\/04\/P1100515-467x350.jpg 467w, https:\/\/tjerkstra.com\/wordpress\/wp-content\/uploads\/2024\/04\/P1100515-95x71.jpg 95w, https:\/\/tjerkstra.com\/wordpress\/wp-content\/uploads\/2024\/04\/P1100515.jpg 2048w\" sizes=\"auto, (max-width: 600px) 100vw, 600px\" \/><\/figure>\n\n\n\n<p><br>It spoart oan beide kanten<br>fan in smel, \u00fbndjip Spoardok:<br>de \u00e2lde treurwylch spr\u00fat wer \u00fat<br>al is syn r\u00each wat krommer<br>wurden en syn t\u00fbken hast<br>it wetter reitsje;<br>de oare kant lit d\u00fadlik sjen<br>de oergong fan seizoenen,<br>fan de winter nei de tiid<br>fan maaie mei it farske grien<br>fan \u00fbnderen nei boppen&#8230;<br>hear de reiden laitsjen.<br><br>De treinen spoare alle oeren<br>l\u00e2ns in smel, \u00fbndjip Spoardok,<br>mar fierste fluch om troch it r\u00fat<br>de oergong waar te nimmen,<br>ek te hastich want men wol<br>it skermke reitsje;<br>fan dizze kant is klear te sjen<br>itselde yn seizoenen,<br>platte bylden yn \u00fas tiid<br>fan helder giel nei donker grien,<br>it tastel mei tal knoppen<br>wol men \u2019t al meimeitsje.<br><br><\/p>\n","protected":false},"excerpt":{"rendered":"<p>It spoart oan beide kantenfan in smel, \u00fbndjip Spoardok:de \u00e2lde treurwylch spr\u00fat wer \u00fatal is syn r\u00each wat krommerwurden en syn t\u00fbken hastit wetter reitsje;de oare kant lit d\u00fadlik sjende oergong fan seizoenen,fan de winter nei de tiidfan maaie mei it farske grienfan \u00fbnderen nei boppen&#8230;hear de reiden laitsjen. De treinen spoare alle oerenl\u00e2ns in [&hellip;]<\/p>\n","protected":false},"author":1,"featured_media":0,"comment_status":"closed","ping_status":"closed","sticky":false,"template":"","format":"standard","meta":{"footnotes":""},"categories":[3],"tags":[],"class_list":["post-22529","post","type-post","status-publish","format-standard","hentry","category-lyrysk-deiboek"],"_links":{"self":[{"href":"https:\/\/tjerkstra.com\/wordpress\/wp-json\/wp\/v2\/posts\/22529","targetHints":{"allow":["GET"]}}],"collection":[{"href":"https:\/\/tjerkstra.com\/wordpress\/wp-json\/wp\/v2\/posts"}],"about":[{"href":"https:\/\/tjerkstra.com\/wordpress\/wp-json\/wp\/v2\/types\/post"}],"author":[{"embeddable":true,"href":"https:\/\/tjerkstra.com\/wordpress\/wp-json\/wp\/v2\/users\/1"}],"replies":[{"embeddable":true,"href":"https:\/\/tjerkstra.com\/wordpress\/wp-json\/wp\/v2\/comments?post=22529"}],"version-history":[{"count":3,"href":"https:\/\/tjerkstra.com\/wordpress\/wp-json\/wp\/v2\/posts\/22529\/revisions"}],"predecessor-version":[{"id":22533,"href":"https:\/\/tjerkstra.com\/wordpress\/wp-json\/wp\/v2\/posts\/22529\/revisions\/22533"}],"wp:attachment":[{"href":"https:\/\/tjerkstra.com\/wordpress\/wp-json\/wp\/v2\/media?parent=22529"}],"wp:term":[{"taxonomy":"category","embeddable":true,"href":"https:\/\/tjerkstra.com\/wordpress\/wp-json\/wp\/v2\/categories?post=22529"},{"taxonomy":"post_tag","embeddable":true,"href":"https:\/\/tjerkstra.com\/wordpress\/wp-json\/wp\/v2\/tags?post=22529"}],"curies":[{"name":"wp","href":"https:\/\/api.w.org\/{rel}","templated":true}]}}