{"id":22525,"date":"2024-04-14T16:59:46","date_gmt":"2024-04-14T16:59:46","guid":{"rendered":"https:\/\/tjerkstra.com\/wordpress\/?p=22525"},"modified":"2024-04-14T16:59:46","modified_gmt":"2024-04-14T16:59:46","slug":"deadlike-demonstraasje","status":"publish","type":"post","link":"https:\/\/tjerkstra.com\/wordpress\/skiednisbylden\/deadlike-demonstraasje\/","title":{"rendered":"Deadlike demonstraasje"},"content":{"rendered":"\n<figure class=\"wp-block-image size-large is-style-default\"><img loading=\"lazy\" decoding=\"async\" width=\"600\" height=\"479\" src=\"https:\/\/tjerkstra.com\/wordpress\/wp-content\/uploads\/2024\/04\/Los-Angeles-1943-600x479.jpg\" alt=\"\" class=\"wp-image-22527\" srcset=\"https:\/\/tjerkstra.com\/wordpress\/wp-content\/uploads\/2024\/04\/Los-Angeles-1943-600x479.jpg 600w, https:\/\/tjerkstra.com\/wordpress\/wp-content\/uploads\/2024\/04\/Los-Angeles-1943-300x240.jpg 300w, https:\/\/tjerkstra.com\/wordpress\/wp-content\/uploads\/2024\/04\/Los-Angeles-1943-768x613.jpg 768w, https:\/\/tjerkstra.com\/wordpress\/wp-content\/uploads\/2024\/04\/Los-Angeles-1943-438x350.jpg 438w, https:\/\/tjerkstra.com\/wordpress\/wp-content\/uploads\/2024\/04\/Los-Angeles-1943-89x71.jpg 89w, https:\/\/tjerkstra.com\/wordpress\/wp-content\/uploads\/2024\/04\/Los-Angeles-1943.jpg 1280w\" sizes=\"auto, (max-width: 600px) 100vw, 600px\" \/><\/figure>\n\n\n\n<p><em>fan \u00fbnbekend*<br><\/em><br>Hy hie in oare kleur as blank,<br>wie fan in minderweardich ras,<br>alteast dat f\u00fbnen milit\u00earen<br>fan it wiere heldedom,<br>sa\u2019t sy harsels wurdearren.<br><br>En doe\u2019t hy rap de klean oandie,<br>in pak dat kaam him breed fan pas<br>om mei syn ploech te demonstrearjen,<br>hold it heldedom him tsjin,<br>syn die moast wol mislearje.<br><br>Se skuorden him de klean fan \u2019t liif,<br>de helden sloegen derop los;<br>de fij\u00e2n fan dy milit\u00earen<br>kaam net yn syn dwaan werom,<br>hy soe dy dei noch stjerre.<br><br><em>* Foto \u2018Demonstraasje yn Los Angeles\u2019<br>\u00a0(juny 1943)<br><br><\/em><\/p>\n","protected":false},"excerpt":{"rendered":"<p>fan \u00fbnbekend*Hy hie in oare kleur as blank,wie fan in minderweardich ras,alteast dat f\u00fbnen milit\u00earenfan it wiere heldedom,sa\u2019t sy harsels wurdearren. En doe\u2019t hy rap de klean oandie,in pak dat kaam him breed fan pasom mei syn ploech te demonstrearjen,hold it heldedom him tsjin,syn die moast wol mislearje. Se skuorden him de klean fan \u2019t [&hellip;]<\/p>\n","protected":false},"author":1,"featured_media":0,"comment_status":"closed","ping_status":"closed","sticky":false,"template":"","format":"standard","meta":{"footnotes":""},"categories":[9],"tags":[],"class_list":["post-22525","post","type-post","status-publish","format-standard","hentry","category-skiednisbylden"],"_links":{"self":[{"href":"https:\/\/tjerkstra.com\/wordpress\/wp-json\/wp\/v2\/posts\/22525","targetHints":{"allow":["GET"]}}],"collection":[{"href":"https:\/\/tjerkstra.com\/wordpress\/wp-json\/wp\/v2\/posts"}],"about":[{"href":"https:\/\/tjerkstra.com\/wordpress\/wp-json\/wp\/v2\/types\/post"}],"author":[{"embeddable":true,"href":"https:\/\/tjerkstra.com\/wordpress\/wp-json\/wp\/v2\/users\/1"}],"replies":[{"embeddable":true,"href":"https:\/\/tjerkstra.com\/wordpress\/wp-json\/wp\/v2\/comments?post=22525"}],"version-history":[{"count":2,"href":"https:\/\/tjerkstra.com\/wordpress\/wp-json\/wp\/v2\/posts\/22525\/revisions"}],"predecessor-version":[{"id":22528,"href":"https:\/\/tjerkstra.com\/wordpress\/wp-json\/wp\/v2\/posts\/22525\/revisions\/22528"}],"wp:attachment":[{"href":"https:\/\/tjerkstra.com\/wordpress\/wp-json\/wp\/v2\/media?parent=22525"}],"wp:term":[{"taxonomy":"category","embeddable":true,"href":"https:\/\/tjerkstra.com\/wordpress\/wp-json\/wp\/v2\/categories?post=22525"},{"taxonomy":"post_tag","embeddable":true,"href":"https:\/\/tjerkstra.com\/wordpress\/wp-json\/wp\/v2\/tags?post=22525"}],"curies":[{"name":"wp","href":"https:\/\/api.w.org\/{rel}","templated":true}]}}