{"id":22521,"date":"2024-04-13T15:41:04","date_gmt":"2024-04-13T15:41:04","guid":{"rendered":"https:\/\/tjerkstra.com\/wordpress\/?p=22521"},"modified":"2024-04-13T15:41:04","modified_gmt":"2024-04-13T15:41:04","slug":"fredeskonferinsje","status":"publish","type":"post","link":"https:\/\/tjerkstra.com\/wordpress\/polityk\/fredeskonferinsje\/","title":{"rendered":"Fredeskonferinsje"},"content":{"rendered":"\n<figure class=\"wp-block-image size-large is-style-default\"><img loading=\"lazy\" decoding=\"async\" width=\"600\" height=\"450\" src=\"https:\/\/tjerkstra.com\/wordpress\/wp-content\/uploads\/2024\/04\/Ljochtsjende-kym-600x450.webp\" alt=\"\" class=\"wp-image-22523\" srcset=\"https:\/\/tjerkstra.com\/wordpress\/wp-content\/uploads\/2024\/04\/Ljochtsjende-kym-600x450.webp 600w, https:\/\/tjerkstra.com\/wordpress\/wp-content\/uploads\/2024\/04\/Ljochtsjende-kym-300x225.webp 300w, https:\/\/tjerkstra.com\/wordpress\/wp-content\/uploads\/2024\/04\/Ljochtsjende-kym-768x576.webp 768w, https:\/\/tjerkstra.com\/wordpress\/wp-content\/uploads\/2024\/04\/Ljochtsjende-kym-467x350.webp 467w, https:\/\/tjerkstra.com\/wordpress\/wp-content\/uploads\/2024\/04\/Ljochtsjende-kym-95x71.webp 95w, https:\/\/tjerkstra.com\/wordpress\/wp-content\/uploads\/2024\/04\/Ljochtsjende-kym.webp 1536w\" sizes=\"auto, (max-width: 600px) 100vw, 600px\" \/><\/figure>\n\n\n\n<p><em>fan \u00fbnbekend*<br><\/em><br>Switserl\u00e2n, it gea fan bergen,<br>heech wurdearre as neutraal,<br>de steat mei frede as yntinsje:<br>\u2018Wolkom alle lannen op \u2019e wr\u00e2ld,<br>draach by oan dizze konferinsje.\u2019<br><br>Oekra\u00efne, mar ek Rusl\u00e2n,\u00a0<br>jimme komme mei \u2019t ferhaal<br>fan oarloch mei hoefolle deaden<br>wol, mar Rusl\u00e2n bliuwt d\u00ear\u00fbnder k\u00e2ld,<br>hat frede net as heechste wearde.<br><br>Sina dan, do hast wol ynfloed<br>op freon Rusl\u00e2n, sprekst de taal<br>lykwols fan drigen en fan striden<br>likegoed, wriuwst yn de w\u00fbnen s\u00e2lt<br>en h\u00e2ldst dy leaver wat fansiden.<br><br>Kom no op en lit jim jilde,<br>steaten, h\u00e2ld jim net neutraal<br>foar rjocht en frede oer, mar rjochtsje<br>jim op hiel de wr\u00e2ld en syn beh\u00e2ld,<br>sadat de kimen derfan ljochtsje.<br><br><em>* Foto \u2018Ljochtsjende kimen\u2019<br><\/em><br><br><br><\/p>\n","protected":false},"excerpt":{"rendered":"<p>fan \u00fbnbekend*Switserl\u00e2n, it gea fan bergen,heech wurdearre as neutraal,de steat mei frede as yntinsje:\u2018Wolkom alle lannen op \u2019e wr\u00e2ld,draach by oan dizze konferinsje.\u2019 Oekra\u00efne, mar ek Rusl\u00e2n,\u00a0jimme komme mei \u2019t ferhaalfan oarloch mei hoefolle deadenwol, mar Rusl\u00e2n bliuwt d\u00ear\u00fbnder k\u00e2ld,hat frede net as heechste wearde. Sina dan, do hast wol ynfloedop freon Rusl\u00e2n, sprekst de [&hellip;]<\/p>\n","protected":false},"author":1,"featured_media":0,"comment_status":"closed","ping_status":"closed","sticky":false,"template":"","format":"standard","meta":{"footnotes":""},"categories":[7],"tags":[],"class_list":["post-22521","post","type-post","status-publish","format-standard","hentry","category-polityk"],"_links":{"self":[{"href":"https:\/\/tjerkstra.com\/wordpress\/wp-json\/wp\/v2\/posts\/22521","targetHints":{"allow":["GET"]}}],"collection":[{"href":"https:\/\/tjerkstra.com\/wordpress\/wp-json\/wp\/v2\/posts"}],"about":[{"href":"https:\/\/tjerkstra.com\/wordpress\/wp-json\/wp\/v2\/types\/post"}],"author":[{"embeddable":true,"href":"https:\/\/tjerkstra.com\/wordpress\/wp-json\/wp\/v2\/users\/1"}],"replies":[{"embeddable":true,"href":"https:\/\/tjerkstra.com\/wordpress\/wp-json\/wp\/v2\/comments?post=22521"}],"version-history":[{"count":2,"href":"https:\/\/tjerkstra.com\/wordpress\/wp-json\/wp\/v2\/posts\/22521\/revisions"}],"predecessor-version":[{"id":22524,"href":"https:\/\/tjerkstra.com\/wordpress\/wp-json\/wp\/v2\/posts\/22521\/revisions\/22524"}],"wp:attachment":[{"href":"https:\/\/tjerkstra.com\/wordpress\/wp-json\/wp\/v2\/media?parent=22521"}],"wp:term":[{"taxonomy":"category","embeddable":true,"href":"https:\/\/tjerkstra.com\/wordpress\/wp-json\/wp\/v2\/categories?post=22521"},{"taxonomy":"post_tag","embeddable":true,"href":"https:\/\/tjerkstra.com\/wordpress\/wp-json\/wp\/v2\/tags?post=22521"}],"curies":[{"name":"wp","href":"https:\/\/api.w.org\/{rel}","templated":true}]}}