{"id":22516,"date":"2024-04-12T15:43:10","date_gmt":"2024-04-12T15:43:10","guid":{"rendered":"https:\/\/tjerkstra.com\/wordpress\/?p=22516"},"modified":"2024-04-12T15:43:10","modified_gmt":"2024-04-12T15:43:10","slug":"wunderlike-evolusje","status":"publish","type":"post","link":"https:\/\/tjerkstra.com\/wordpress\/wraldbylden\/wunderlike-evolusje\/","title":{"rendered":"W\u00fbnderlike evol\u00fasje"},"content":{"rendered":"\n\n\n<figure class=\"wp-block-image size-full is-style-default\"><img loading=\"lazy\" decoding=\"async\" width=\"276\" height=\"183\" src=\"https:\/\/tjerkstra.com\/wordpress\/wp-content\/uploads\/2024\/04\/Laguna-del-Caminante.jpg\" alt=\"\" class=\"wp-image-22519\" srcset=\"https:\/\/tjerkstra.com\/wordpress\/wp-content\/uploads\/2024\/04\/Laguna-del-Caminante.jpg 276w, https:\/\/tjerkstra.com\/wordpress\/wp-content\/uploads\/2024\/04\/Laguna-del-Caminante-102x68.jpg 102w\" sizes=\"auto, (max-width: 276px) 100vw, 276px\" \/><\/figure>\n\n\n\n<p><em>fan \u00fbnbekend*<br><\/em><br>Laguna del Caminante<br>mei syn mar en mannich berch<br>gie troch de iuwen hinne<br>s\u00fbnder revol\u00fasje,<br>mar de gletsjers slieten \u00fat<br>de hurde rots&#8230; in evol\u00fasje.<\/p>\n\n\n\n<p><br>Laguna del Caminante<br>mei syn mar en kuierpaad<br>seach \u2019t skip fan Darwin farren<br>dy\u2019t de evol\u00fasje<br>trochtocht op \u2019e ierde brocht&#8230;<br>\u00fbntwikkeling wie syn konkl\u00fazje.<br><br>Laguna del Caminante,<br>lit \u00fas rinne oer it paad<br>dat wittenskip en w\u00fbnder<br>foar it minskdom sljochtsje,<br>witten sl\u00fat gjin w\u00fbnder \u00fat,<br>dy beide sille \u2019t paad ferljochtsje.<br><br><em>* Foto \u2018Laguna del Caminante\u2019<br><\/em><br><br><br><\/p>\n","protected":false},"excerpt":{"rendered":"<p>fan \u00fbnbekend*Laguna del Caminantemei syn mar en mannich berchgie troch de iuwen hinnes\u00fbnder revol\u00fasje,mar de gletsjers slieten \u00fatde hurde rots&#8230; in evol\u00fasje. Laguna del Caminantemei syn mar en kuierpaadseach \u2019t skip fan Darwin farrendy\u2019t de evol\u00fasjetrochtocht op \u2019e ierde brocht&#8230;\u00fbntwikkeling wie syn konkl\u00fazje. Laguna del Caminante,lit \u00fas rinne oer it paaddat wittenskip en w\u00fbnderfoar it [&hellip;]<\/p>\n","protected":false},"author":1,"featured_media":0,"comment_status":"closed","ping_status":"closed","sticky":false,"template":"","format":"standard","meta":{"footnotes":""},"categories":[19],"tags":[],"class_list":["post-22516","post","type-post","status-publish","format-standard","hentry","category-wraldbylden"],"_links":{"self":[{"href":"https:\/\/tjerkstra.com\/wordpress\/wp-json\/wp\/v2\/posts\/22516","targetHints":{"allow":["GET"]}}],"collection":[{"href":"https:\/\/tjerkstra.com\/wordpress\/wp-json\/wp\/v2\/posts"}],"about":[{"href":"https:\/\/tjerkstra.com\/wordpress\/wp-json\/wp\/v2\/types\/post"}],"author":[{"embeddable":true,"href":"https:\/\/tjerkstra.com\/wordpress\/wp-json\/wp\/v2\/users\/1"}],"replies":[{"embeddable":true,"href":"https:\/\/tjerkstra.com\/wordpress\/wp-json\/wp\/v2\/comments?post=22516"}],"version-history":[{"count":2,"href":"https:\/\/tjerkstra.com\/wordpress\/wp-json\/wp\/v2\/posts\/22516\/revisions"}],"predecessor-version":[{"id":22520,"href":"https:\/\/tjerkstra.com\/wordpress\/wp-json\/wp\/v2\/posts\/22516\/revisions\/22520"}],"wp:attachment":[{"href":"https:\/\/tjerkstra.com\/wordpress\/wp-json\/wp\/v2\/media?parent=22516"}],"wp:term":[{"taxonomy":"category","embeddable":true,"href":"https:\/\/tjerkstra.com\/wordpress\/wp-json\/wp\/v2\/categories?post=22516"},{"taxonomy":"post_tag","embeddable":true,"href":"https:\/\/tjerkstra.com\/wordpress\/wp-json\/wp\/v2\/tags?post=22516"}],"curies":[{"name":"wp","href":"https:\/\/api.w.org\/{rel}","templated":true}]}}