{"id":22494,"date":"2024-04-07T15:45:24","date_gmt":"2024-04-07T15:45:24","guid":{"rendered":"https:\/\/tjerkstra.com\/wordpress\/?p=22494"},"modified":"2024-04-07T15:45:24","modified_gmt":"2024-04-07T15:45:24","slug":"jacques-yves-cousteau","status":"publish","type":"post","link":"https:\/\/tjerkstra.com\/wordpress\/skiednisbylden\/jacques-yves-cousteau\/","title":{"rendered":"Jacques-Yves Cousteau"},"content":{"rendered":"\n<figure class=\"wp-block-image size-large is-style-default\"><img loading=\"lazy\" decoding=\"async\" width=\"600\" height=\"370\" src=\"https:\/\/tjerkstra.com\/wordpress\/wp-content\/uploads\/2024\/04\/Cousteau-1-600x370.jpg\" alt=\"\" class=\"wp-image-22496\" srcset=\"https:\/\/tjerkstra.com\/wordpress\/wp-content\/uploads\/2024\/04\/Cousteau-1-600x370.jpg 600w, https:\/\/tjerkstra.com\/wordpress\/wp-content\/uploads\/2024\/04\/Cousteau-1-300x185.jpg 300w, https:\/\/tjerkstra.com\/wordpress\/wp-content\/uploads\/2024\/04\/Cousteau-1-768x473.jpg 768w, https:\/\/tjerkstra.com\/wordpress\/wp-content\/uploads\/2024\/04\/Cousteau-1-568x350.jpg 568w, https:\/\/tjerkstra.com\/wordpress\/wp-content\/uploads\/2024\/04\/Cousteau-1-102x63.jpg 102w, https:\/\/tjerkstra.com\/wordpress\/wp-content\/uploads\/2024\/04\/Cousteau-1.jpg 1024w\" sizes=\"auto, (max-width: 600px) 100vw, 600px\" \/><\/figure>\n\n\n\n<p><em>fan \u00fbnbekend*<br><\/em><br>Hy koe net s\u00fbnder wetter,<br>as marine-offisier<br>hie hy in fin mear as in bears:<br>\u00fbntdekkingsreizger, \u00fbndersiker,<br>\u2019t wie \u00fbnder wetter, wat er keas.<br><br>Dus woe hy djipper d\u00fbke<br>as de boaiem fan syn skip,<br>in d\u00fbkboat wie him wol bekend;<br>hy makke ien foar twa persoanen,<br>wie oan de djipte al gau wend.<br><br>Hy woe it wetter fiele,<br>wat net slagge op in boat,<br>mar grif wol mei in tredde long,<br>dy\u2019t op \u2019e r\u00each foar soerstof soarge,<br>dit ekstra middel hold him jong.<br><br>Hy koe net s\u00fbnder wetter,<br>\u00fbnder, boppe, dus r\u00fbnom,<br>as jonge al wist hy: dit is \u2019t,<br>mar letter seach hy de bedriging<br>foar wetter en waard aktivist.<br><br><em>* Foto \u2018Cousteau as d\u00fbker\u2019<br><\/em><br><br><\/p>\n","protected":false},"excerpt":{"rendered":"<p>fan \u00fbnbekend*Hy koe net s\u00fbnder wetter,as marine-offisierhie hy in fin mear as in bears:\u00fbntdekkingsreizger, \u00fbndersiker,\u2019t wie \u00fbnder wetter, wat er keas. Dus woe hy djipper d\u00fbkeas de boaiem fan syn skip,in d\u00fbkboat wie him wol bekend;hy makke ien foar twa persoanen,wie oan de djipte al gau wend. Hy woe it wetter fiele,wat net slagge op [&hellip;]<\/p>\n","protected":false},"author":1,"featured_media":0,"comment_status":"closed","ping_status":"closed","sticky":false,"template":"","format":"standard","meta":{"footnotes":""},"categories":[9],"tags":[],"class_list":["post-22494","post","type-post","status-publish","format-standard","hentry","category-skiednisbylden"],"_links":{"self":[{"href":"https:\/\/tjerkstra.com\/wordpress\/wp-json\/wp\/v2\/posts\/22494","targetHints":{"allow":["GET"]}}],"collection":[{"href":"https:\/\/tjerkstra.com\/wordpress\/wp-json\/wp\/v2\/posts"}],"about":[{"href":"https:\/\/tjerkstra.com\/wordpress\/wp-json\/wp\/v2\/types\/post"}],"author":[{"embeddable":true,"href":"https:\/\/tjerkstra.com\/wordpress\/wp-json\/wp\/v2\/users\/1"}],"replies":[{"embeddable":true,"href":"https:\/\/tjerkstra.com\/wordpress\/wp-json\/wp\/v2\/comments?post=22494"}],"version-history":[{"count":2,"href":"https:\/\/tjerkstra.com\/wordpress\/wp-json\/wp\/v2\/posts\/22494\/revisions"}],"predecessor-version":[{"id":22497,"href":"https:\/\/tjerkstra.com\/wordpress\/wp-json\/wp\/v2\/posts\/22494\/revisions\/22497"}],"wp:attachment":[{"href":"https:\/\/tjerkstra.com\/wordpress\/wp-json\/wp\/v2\/media?parent=22494"}],"wp:term":[{"taxonomy":"category","embeddable":true,"href":"https:\/\/tjerkstra.com\/wordpress\/wp-json\/wp\/v2\/categories?post=22494"},{"taxonomy":"post_tag","embeddable":true,"href":"https:\/\/tjerkstra.com\/wordpress\/wp-json\/wp\/v2\/tags?post=22494"}],"curies":[{"name":"wp","href":"https:\/\/api.w.org\/{rel}","templated":true}]}}